{"id":28033,"date":"2016-09-01T22:00:25","date_gmt":"2016-09-02T03:00:25","guid":{"rendered":"http:\/\/contraluzcucuta.co\/?p=28033"},"modified":"2016-09-01T22:00:25","modified_gmt":"2016-09-02T03:00:25","slug":"pedagogia-de-paz-notas-explicativas-sobre-los-seis-puntos-del-acuerdo-final-3","status":"publish","type":"post","link":"https:\/\/contraluzcucuta.co\/?p=28033","title":{"rendered":"PEDAGOG\u00cdA DE PAZ (3). Notas explicativas sobre los seis puntos del Acuerdo Final  \u00a0\u00a0\u00a0\u00a0\u00a0\u00a0\u00a0\u00a0\u00a0\u00a0\u00a0\u00a0\u00a0\u00a0"},"content":{"rendered":"<p><strong>PUNTO 3. Fin del Conflicto) <\/strong><\/p>\n<p>Acordado en La Habana, el 24 de agosto de 2016<\/p>\n<p>&nbsp;<\/p>\n<p>Se logr\u00f3 el silencio definitivo de los fusiles. La ONU, a trav\u00e9s de un proceso t\u00e9cnico, trazable y verificable, recibir\u00e1 la totalidad de las armas de las FARC y le garantizar\u00e1 al pueblo colombiano su dejaci\u00f3n completa e irreversible.<\/p>\n<p>Este acuerdo establece los t\u00e9rminos en que se dar\u00e1 el fin de las confrontaciones con las FARC mediante un cese al fuego y de hostilidades bilateral y definitivo, as\u00ed como un cronograma preciso para la dejaci\u00f3n de las armas y el inicio de su reincorporaci\u00f3n a la vida civil.<\/p>\n<p>La Organizaci\u00f3n de Naciones Unidas, reconocida mundialmente por su experiencia en este tipo de procesos, ser\u00e1 la responsable de recibir la totalidad del armamento por parte de las FARC. Este gran esfuerzo, aprobado un\u00e1nimemente por el Consejo de Seguridad de dicha organizaci\u00f3n, busca garantizarles a los colombianos que nunca m\u00e1s armas y pol\u00edtica estar\u00e1n juntas.<\/p>\n<p>Para garantizarlo, se contemplan tres tipos de medidas.<\/p>\n<p><strong>En primer lugar,<\/strong> iniciar\u00e1 el proceso de Cese al Fuego y de Hostilidades Bilateral y Definitivo.<\/p>\n<p>Este ser\u00e1 un proceso t\u00e9cnico, serio, ordenado y verificable por la ONU en el cual las FARC terminar\u00e1n definitivamente las acciones contra la poblaci\u00f3n civil, la Fuerza P\u00fablica y la infraestructura del Estado. Se trata del fin del conflicto.<\/p>\n<p>Naciones Unidas, como componente internacional, encabezar\u00e1 el mecanismo tripartito de monitoreo y verificaci\u00f3n, junto con delegados del Gobierno Nacional y las FARC. Se trata de un Mecanismo de tipo t\u00e9cnico, eficiente y \u00e1gil que contribuye a la generaci\u00f3n de transparencia, credibilidad y confianza en el proceso de cese al fuego. Estar\u00e1 encargado de analizar los posibles incidentes que se presenten en el terreno y que puedan afectar el cese al fuego.<\/p>\n<p>Para el cumplimiento de su misi\u00f3n, estar\u00e1 articulado con las comunidades, organizaciones sociales y entidades del Estado, y rendir\u00e1 informes peri\u00f3dicos a la opini\u00f3n p\u00fablica.<\/p>\n<p>Su misi\u00f3n consistir\u00e1 en realizar -por un lado- la labor de monitoreo, que se refiere a la recopilaci\u00f3n y documentaci\u00f3n de informaci\u00f3n sobre las actividades relacionadas con la implementaci\u00f3n del cese al fuego. Y, por el otro, la verificaci\u00f3n, que consiste en el uso de esa informaci\u00f3n para hacer recomendaciones acerca de si se est\u00e1 cumpliendo el acuerdo. El objetivo es facilitar el cumplimiento de los compromisos y evitar incidentes que puedan poner en riesgo el acuerdo del cese al fuego.<\/p>\n<p>Como producto del cese al fuego, las FARC no podr\u00e1n ejecutar ninguna actividad il\u00edcita como extorsi\u00f3n, secuestro, narcotr\u00e1fico, entre otros. Cualquier reincidencia ser\u00e1 considerada una violaci\u00f3n al cese.<\/p>\n<p><strong>En segundo lugar<\/strong>, se dar\u00e1 el proceso de dejaci\u00f3n de armas por parte de las FARC.<\/p>\n<p>El componente internacional (CI-MM&amp;V) en cabeza de la ONU, recibir\u00e1 en los primeros 60 d\u00edas el armamento hechizo y los explosivos y rendir\u00e1 cuentas p\u00fablicas.<\/p>\n<p>Las FARC tendr\u00e1n 180 d\u00edas para que la ONU reciba, por fases, la totalidad de su armamento, de acuerdo con el siguiente cronograma.<\/p>\n<p>El d\u00eda D+5, las FARC entregan al CI-MM&amp;V la informaci\u00f3n sobre todas las armas que tienen en su poder.<\/p>\n<p>El d\u00eda D+10 las FARC entregar\u00e1 al MM&amp;V las coordenadas de todos los dep\u00f3sitos o caletas donde se encuentra su armamento inestable (tatucos, minas, cilindros bomba, etc.).<\/p>\n<p>Durante los primeros 60 d\u00edas se destruye el armamento inestable (explosivos artesanales como tatucos, cilindros bomba), y se almacenan en contenedores, bajo control de Naciones Unidas, todas las armas de apoyo y el armamento de las milicias.<\/p>\n<p>La recolecci\u00f3n y almacenamiento en contenedores del armamento individual que permanece en poder de los (as) integrantes de las FARC-EP dentro de los campamentos en las Zonas se hace de manera secuencial y en tres fases as\u00ed: 1 Fase: D+90, el 30%; 2 Fase: D+120, el 30%; y 3 Fase: D+150, 40% restante, seg\u00fan la hoja de ruta (cronograma de eventos) acordada por el Gobierno Nacional y las FARC-EP que gu\u00eda el proceso del Fin del Conflicto luego de la firma del Acuerdo Final.<\/p>\n<p>A m\u00e1s tardar a los 150 d\u00edas todas las armas de las FARC, incluidas las individuales, deber\u00e1n estar almacenadas en contenedores bajo control de Naciones Unidas.<\/p>\n<p>Y a m\u00e1s tardar a los 180 d\u00edas, la ONU extraer\u00e1 los contenedores de las zonas, y certificar\u00e1 y comunicar\u00e1 a la opini\u00f3n p\u00fablica su finalizaci\u00f3n. Como resultado, se har\u00e1n tres monumentos en la sede de Naciones Unidas en Nueva York, Cuba y en Colombia (ubicado en donde el Gobierno y las FARC se pongan de acuerdo).<\/p>\n<p><strong>En tercer lugar<\/strong>, las FARC se ubicar\u00e1n de manera temporal y transitoria en 22 \u201czonas veredales transitorias de normalizaci\u00f3n\u201d y 6 peque\u00f1os puntos transitorios de normalizaci\u00f3n.<\/p>\n<p>Estos lugares de ubicaci\u00f3n fueron dise\u00f1ados para hacer el tr\u00e1nsito de los guerrilleros a la legalidad y la dejaci\u00f3n de las armas. Se conformar\u00e1n al finalizar el proceso de conversaciones. En ellos, las FARC adelantar\u00e1n la dejaci\u00f3n de las armas y preparan su proceso de reintegraci\u00f3n.<\/p>\n<p>Se trata de paz con seguridad. El movimiento hacia estas zonas contar\u00e1 con todas las medidas de seguridad por parte de la Fuerza P\u00fablica y el Mecanismo realizar\u00e1 el monitoreo y verificaci\u00f3n.<\/p>\n<p>Asimismo, la institucionalidad permanecer\u00e1 vigente en todo el territorio nacional, incluyendo las \u201czonas veredales transitorias de normalizaci\u00f3n\u201d.<\/p>\n<p>La Fuerza P\u00fablica en cumplimiento de sus deberes constitucionales continuar\u00e1 protegiendo los derechos y libertades de todos los ciudadanos.<\/p>\n<p>Para estas zonas en particular, se implementar\u00e1n dispositivos especiales y robustos por parte de la Fuerza P\u00fablica.<\/p>\n<p>Por \u00faltimo<strong>,<\/strong> las garant\u00edas de seguridad son una condici\u00f3n necesaria para afianzar la construcci\u00f3n de la paz y la convivencia, y en particular para garantizar la implementaci\u00f3n de los planes y programas acordados.<\/p>\n<p>Se trata de un conjunto de medidas para:<\/p>\n<p>&#8211; Crear y hacer sostenibles condiciones de seguridad que den plena oportunidad de participar en pol\u00edtica, especialmente a los ex integrantes de las FARC en proceso de reintegraci\u00f3n a la vida civil.<\/p>\n<p>&#8211; Brindar protecci\u00f3n y seguridad a todos los habitantes del territorio nacional, nuevas garant\u00edas para el ejercicio de la pol\u00edtica a los movimientos y partidos pol\u00edticos y medidas de protecci\u00f3n a las colectividades en los territorios.<\/p>\n<p>&#8211; Generar condiciones de seguridad que permitan la implementaci\u00f3n de los acuerdos y la construcci\u00f3n de una paz estable y duradera.<\/p>\n<p>&#8211; Desmantelar las organizaciones criminales y perseguir las conductas criminales, que amenacen la implementaci\u00f3n de los acuerdos y la construcci\u00f3n de la paz.<\/p>\n<p>El acuerdo de garant\u00edas de seguridad busca salvaguardar el monopolio del Estado en el uso de la fuerza, las armas y la hacienda p\u00fablica, lo que significa que nadie podr\u00e1 cobrar impuestos o similares distinto al Estado Colombiano. Adicional el acuerdo buscar fortalecer la justica, proteger y promover el respeto por los derechos humanos y ampliar la participaci\u00f3n ciudadana, la rendici\u00f3n de cuentas y generar garant\u00edas de no repetici\u00f3n.<\/p>\n<p>Como parte de estas medidas, el Gobierno Nacional implementar\u00e1 un programa de protecci\u00f3n integral para proteger a los integrantes del nuevo partido o movimiento pol\u00edtico que surja del tr\u00e1nsito de las FARC, de sus antiguos miembros, a las sedes y a todo tipo de actividades que realicen en su proceso de reincorporaci\u00f3n a la vida civil.<\/p>\n<p><strong>En quinto lugar<\/strong>, el proceso de reincorporaci\u00f3n \u2013en lo pol\u00edtico, lo social y lo econ\u00f3mico- busca facilitar la transformaci\u00f3n de las FARC y sus integrantes en actores dentro del sistema democr\u00e1tico y en general el tr\u00e1nsito a la vida civil.<\/p>\n<p>En cuanto a las medidas de reincorporaci\u00f3n pol\u00edtica, como condici\u00f3n fundamental para poderse transformar de una organizaci\u00f3n armada ilegal a un partido o movimiento pol\u00edtico con personer\u00eda jur\u00eddica, deber\u00e1n haber dejado la totalidad de las armas.<\/p>\n<p>Un nuevo partido s\u00f3lo ser\u00e1 reconocido luego de terminado el proceso de dejaci\u00f3n de las armas y previo el cumplimiento de los requisitos que exige la ley para la creaci\u00f3n de un partido (estatutos, plataforma pol\u00edtica, entre otros), excepto la exigencia de haber obtenido el 3% de los votos depositados en la elecci\u00f3n de Senado o C\u00e1mara de Representantes.<\/p>\n<p>No habr\u00e1 asignaci\u00f3n de curules a dedo. El nuevo partido que surja del tr\u00e1nsito de las FARC a la vida pol\u00edtica legal deber\u00e1 participar en los procesos electorales de 2018 y 2022 para asegurar una representaci\u00f3n m\u00ednima en el Congreso de la Rep\u00fablica.<\/p>\n<p>El acuerdo garantiza una representaci\u00f3n m\u00ednima de 5 Senadores y 5 Representantes a la C\u00e1mara durante los pr\u00f3ximos dos per\u00edodos electorales. En todo caso s\u00f3lo se asignar\u00e1n las que faltaren para completar 5 curules, de tal manera que cuando la lista obtengan 5 o m\u00e1s, no se asignar\u00e1 ninguna adicional.<\/p>\n<p>Con el prop\u00f3sito de contribuir a la generaci\u00f3n de condiciones a corto y largo plazo que faciliten la construcci\u00f3n de proyectos de vida dentro de la civilidad por parte de los ex combatientes de las FARC, se acordaron medidas relacionadas con:<\/p>\n<p>(i) atenci\u00f3n a los derechos de cada ex combatiente en salud, acompa\u00f1amiento psicosocial, educaci\u00f3n y reunificaci\u00f3n de n\u00facleos familiares, entre otros<\/p>\n<p>(ii) apoyos econ\u00f3micos excepcionales y transitorios para la estabilizaci\u00f3n econ\u00f3mica de estas personas una vez hayan hecho la dejaci\u00f3n de armas y el tr\u00e1nsito a la legalidad<\/p>\n<p>(iii) Apoyos excepcionales, transitorios y diferenciados para la construcci\u00f3n de iniciativas de car\u00e1cter individual y asociativo como la organizaci\u00f3n de Econom\u00edas Sociales del Com\u00fan (ECOM\u00daN)<\/p>\n<p>Por \u00faltimo, se crear\u00e1 el Consejo Nacional de Reincorporaci\u00f3n que ser\u00e1 una instancia conjunta entre el Gobierno Nacional y las FARC, uno de cuyos objetivos ser\u00e1 realizar el seguimiento al proceso de reincorporaci\u00f3n de los integrantes de las FARC.<\/p>\n<p>Foto:\u00a0<a class=\"_ZR irc_hol i3724\" tabindex=\"0\" href=\"https:\/\/www.google.com.co\/url?sa=i&amp;rct=j&amp;q=&amp;esrc=s&amp;source=images&amp;cd=&amp;cad=rja&amp;uact=8&amp;ved=&amp;url=http%3A%2F%2Fwww.eluniversal.com.mx%2Farticulo%2Fmundo%2F2016%2F06%2F23%2Flas-5-claves-del-acuerdo-de-paz-colombia-farc&amp;bvm=bv.131669213,d.dmo&amp;psig=AFQjCNHhNmYkdGuNll607-Zv3CSdgCHFpQ&amp;ust=1472871418418134\" target=\"_blank\" data-noload=\"\" data-href=\"http:\/\/www.eluniversal.com.mx\/articulo\/mundo\/2016\/06\/23\/las-5-claves-del-acuerdo-de-paz-colombia-farc\"><span class=\"irc_ho\" dir=\"ltr\">www.eluniversal.com.mx<\/span><\/a><\/p>\n<p>(Ma\u00f1ana. <strong>PUNTO 4: Soluci\u00f3n al Problema de las Drogas Il\u00edcitas)<\/strong><\/p>\n<p><strong>\u00a0<\/strong> <\/p>\n","protected":false},"excerpt":{"rendered":"<p>PUNTO 3. Fin del Conflicto) Acordado en La Habana, el 24 de agosto de 2016 &nbsp; Se logr\u00f3 el silencio definitivo de los fusiles. La ONU, a trav\u00e9s de un proceso t\u00e9cnico, trazable y verificable, recibir\u00e1 la totalidad de las armas de las FARC y le garantizar\u00e1 al pueblo colombiano su dejaci\u00f3n completa e irreversible. &hellip;<\/p>\n","protected":false},"author":1,"featured_media":28034,"comment_status":"open","ping_status":"open","sticky":false,"template":"","format":"standard","meta":{"footnotes":""},"categories":[45],"tags":[3182,3181],"class_list":["post-28033","post","type-post","status-publish","format-standard","has-post-thumbnail","hentry","category-destacado","tag-acuerdo-final","tag-pedagogia-de-paz"],"_links":{"self":[{"href":"https:\/\/contraluzcucuta.co\/index.php?rest_route=\/wp\/v2\/posts\/28033","targetHints":{"allow":["GET"]}}],"collection":[{"href":"https:\/\/contraluzcucuta.co\/index.php?rest_route=\/wp\/v2\/posts"}],"about":[{"href":"https:\/\/contraluzcucuta.co\/index.php?rest_route=\/wp\/v2\/types\/post"}],"author":[{"embeddable":true,"href":"https:\/\/contraluzcucuta.co\/index.php?rest_route=\/wp\/v2\/users\/1"}],"replies":[{"embeddable":true,"href":"https:\/\/contraluzcucuta.co\/index.php?rest_route=%2Fwp%2Fv2%2Fcomments&post=28033"}],"version-history":[{"count":1,"href":"https:\/\/contraluzcucuta.co\/index.php?rest_route=\/wp\/v2\/posts\/28033\/revisions"}],"predecessor-version":[{"id":28035,"href":"https:\/\/contraluzcucuta.co\/index.php?rest_route=\/wp\/v2\/posts\/28033\/revisions\/28035"}],"wp:featuredmedia":[{"embeddable":true,"href":"https:\/\/contraluzcucuta.co\/index.php?rest_route=\/wp\/v2\/media\/28034"}],"wp:attachment":[{"href":"https:\/\/contraluzcucuta.co\/index.php?rest_route=%2Fwp%2Fv2%2Fmedia&parent=28033"}],"wp:term":[{"taxonomy":"category","embeddable":true,"href":"https:\/\/contraluzcucuta.co\/index.php?rest_route=%2Fwp%2Fv2%2Fcategories&post=28033"},{"taxonomy":"post_tag","embeddable":true,"href":"https:\/\/contraluzcucuta.co\/index.php?rest_route=%2Fwp%2Fv2%2Ftags&post=28033"}],"curies":[{"name":"wp","href":"https:\/\/api.w.org\/{rel}","templated":true}]}}