{"id":28029,"date":"2016-08-31T22:07:44","date_gmt":"2016-09-01T03:07:44","guid":{"rendered":"http:\/\/contraluzcucuta.co\/?p=28029"},"modified":"2016-08-31T22:07:44","modified_gmt":"2016-09-01T03:07:44","slug":"pedagogia-de-paz-notas-explicativas-sobre-los-seis-puntos-del-acuerdo-final-2","status":"publish","type":"post","link":"https:\/\/contraluzcucuta.co\/?p=28029","title":{"rendered":"PEDAGOG\u00cdA DE PAZ. Notas explicativas sobre los seis puntos del Acuerdo Final  \u00a0"},"content":{"rendered":"<p><strong>PUNTO 2. <\/strong><\/p>\n<p><strong>Participaci\u00f3n Pol\u00edtica. Apertura democr\u00e1tica para construir la paz.<\/strong><\/p>\n<p>Acordado el 6 de noviembre de 2013<\/p>\n<p>&nbsp;<\/p>\n<p>Est\u00e1 construido sobre tres ideas.<\/p>\n<p><strong>La primera,<\/strong> es que para consolidar la paz, luego de la terminaci\u00f3n del conflicto, es necesario una nueva apertura democr\u00e1tica que promueva la inclusi\u00f3n pol\u00edtica y permita que surjan nuevas voces y nuevos proyectos pol\u00edticos para enriquecer el debate, con todas las garant\u00edas de transparencia y de equidad en las reglas del juego.<\/p>\n<p>\u00bfPor qu\u00e9 una nueva apertura? Porque la que marc\u00f3 la Constituci\u00f3n de 1991, se ha visto frustrada, al menos en parte, por el mismo conflicto que ha impedido que la democracia se desarrolle plenamente en las regiones m\u00e1s afectadas por la violencia. Si no hay conflicto, habr\u00e1 nuevas oportunidades de participaci\u00f3n para quienes han estado al margen del sistema pol\u00edtico por cuenta de la amenaza de la violencia.<\/p>\n<p>Y porque la democracia es justamente EL medio para consolidar la paz en la medida en que es un sistema para dirimir conflictos de manera pac\u00edfica por medio del debate y el voto.<\/p>\n<p>\u00bfEsto qu\u00e9 significa en concreto? Significa que hay que facilitar la creaci\u00f3n de nuevos partidos pol\u00edticos -sin poner en riesgo los avances en la consolidaci\u00f3n del sistema de partidos- \u00a0desligando la superaci\u00f3n del umbral electoral de la obtenci\u00f3n de la personer\u00eda jur\u00eddica y estableciendo unas condiciones especiales para que durante un periodo de transici\u00f3n las nuevas fuerzas que aparezcan cuenten con suficientes apoyos por parte del Estado.<\/p>\n<p>Para promover el pluralismo y la inclusi\u00f3n pol\u00edtica en un periodo de transici\u00f3n, tambi\u00e9n acordamos la creaci\u00f3n de 16 Circunscripciones Transitorias Especiales de Paz en las regiones m\u00e1s golpeadas por el conflicto de manera que sus habitantes puedan elegir, durante la fase de transici\u00f3n y de manera temporal, Representantes a la C\u00e1mara adicionales bajo unas reglas especiales.<\/p>\n<p>Se trata de fortalecer la integraci\u00f3n pol\u00edtica de estas regiones y de asegurar la representaci\u00f3n y promoci\u00f3n de los intereses de sus pobladores. Y se trata tambi\u00e9n de una medida de reparaci\u00f3n pol\u00edtica para las poblaciones y comunidades que m\u00e1s han sufrido el conflicto.<\/p>\n<p><strong>La segunda,<\/strong> es que la consolidaci\u00f3n de la paz requiere tambi\u00e9n de una mayor participaci\u00f3n ciudadana, como era el esp\u00edritu de la Constituci\u00f3n del 91.<\/p>\n<p>La paz no se hace en La Habana. La paz la construye la gente en los territorios y para eso hay que fortalecer los mecanismos de participaci\u00f3n para asegurar la efectividad de esa participaci\u00f3n en la formulaci\u00f3n de pol\u00edticas y en la implementaci\u00f3n de los acuerdos.<\/p>\n<p>Una mayor participaci\u00f3n, tanto de los electores como de nuevos partidos, exige el fortalecimiento de la transparencia y la equidad en las reglas de juego. Por esa raz\u00f3n, se acordaron toda una serie de medidas espec\u00edficas para fortalecer la transparencia del sistema electoral, as\u00ed como la revisi\u00f3n integral del r\u00e9gimen y la organizaci\u00f3n electoral para dar esas garant\u00edas y poner a Colombia a la vanguardia del continente, sobre la base de las mejores pr\u00e1cticas internacionales.<\/p>\n<p>Ese fortalecimiento de la participaci\u00f3n ciudadana pasa tambi\u00e9n por apoyar a las organizaciones sociales como expresiones organizadas de diferentes intereses de la sociedad, que tambi\u00e9n juegan un papel importante en la construcci\u00f3n de la paz, incluso cuando se oponen por medio de la protesta a las pol\u00edticas del Gobierno.<\/p>\n<p><strong>La tercera,<\/strong> -y la idea fundamental del fin del conflicto- es que la condici\u00f3n b\u00e1sica para consolidar la paz, por medio del ejercicio de la democracia, es que se rompa para siempre el v\u00ednculo entre pol\u00edtica y armas.<\/p>\n<p>Es decir, que nadie nunca m\u00e1s utilice las armas para promover una causa pol\u00edtica. Y que quienes han dejado las armas para transitar a la pol\u00edtica tengan todas las garant\u00edas de que no ser\u00e1n objeto de la violencia.<\/p>\n<p>Y no s\u00f3lo quienes han dejado las armas: todos quienes est\u00e1n en el ejercicio de la pol\u00edtica deben tener la seguridad que no ser\u00e1n v\u00edctimas de las armas. Se trata nada menos que de dignificar y proteger el ejercicio de la pol\u00edtica como un pilar de la construcci\u00f3n de la paz.<\/p>\n<p>Al mismo tiempo, es necesario fortalecer las garant\u00edas para el ejercicio de la oposici\u00f3n y de esa manera crear condiciones m\u00e1s propicias para cumplir con un principio b\u00e1sico de la democracia como es la alternancia en el poder.<\/p>\n<p>\u00bfEsto en qu\u00e9 se traduce?<\/p>\n<p>Se traduce en medidas concretas como en el compromiso de expedir, luego de la firma del Acuerdo Final y de un posterior debate con todos los partidos pol\u00edticos interesados, el Estatuto de la Oposici\u00f3n, una tarea a\u00fan pendiente de la Constituci\u00f3n del 91.<\/p>\n<p>Y tambi\u00e9n en condiciones especiales para la creaci\u00f3n de nuevos partidos pol\u00edticos, como ya se mencion\u00f3, que adem\u00e1s de fortalecer el pluralismo puedan tambi\u00e9n fortalecer las opciones de la oposici\u00f3n.<\/p>\n<p>Foto: <a href=\"http:\/\/www.eluniversal.com.co\">www.eluniversal.com.co<\/a><\/p>\n<p><a href=\"https:\/\/www.mesadeconversaciones.com.co\/sites\/default\/files\/24_08_2016acuerdofinalfinalfinal-1472094587.pdf\">https:\/\/www.mesadeconversaciones.com.co\/sites\/default\/files\/24_08_2016acuerdofinalfinalfinal-1472094587.pdf<\/a><\/p>\n<p><strong>(Ma\u00f1ana. PUNTO 3. Fin del Conflicto) <\/strong> <\/p>\n","protected":false},"excerpt":{"rendered":"<p>PUNTO 2. Participaci\u00f3n Pol\u00edtica. Apertura democr\u00e1tica para construir la paz. Acordado el 6 de noviembre de 2013 &nbsp; Est\u00e1 construido sobre tres ideas. La primera, es que para consolidar la paz, luego de la terminaci\u00f3n del conflicto, es necesario una nueva apertura democr\u00e1tica que promueva la inclusi\u00f3n pol\u00edtica y permita que surjan nuevas voces y &hellip;<\/p>\n","protected":false},"author":1,"featured_media":28030,"comment_status":"open","ping_status":"open","sticky":false,"template":"","format":"standard","meta":{"footnotes":""},"categories":[45],"tags":[3182,3181],"class_list":["post-28029","post","type-post","status-publish","format-standard","has-post-thumbnail","hentry","category-destacado","tag-acuerdo-final","tag-pedagogia-de-paz"],"_links":{"self":[{"href":"https:\/\/contraluzcucuta.co\/index.php?rest_route=\/wp\/v2\/posts\/28029","targetHints":{"allow":["GET"]}}],"collection":[{"href":"https:\/\/contraluzcucuta.co\/index.php?rest_route=\/wp\/v2\/posts"}],"about":[{"href":"https:\/\/contraluzcucuta.co\/index.php?rest_route=\/wp\/v2\/types\/post"}],"author":[{"embeddable":true,"href":"https:\/\/contraluzcucuta.co\/index.php?rest_route=\/wp\/v2\/users\/1"}],"replies":[{"embeddable":true,"href":"https:\/\/contraluzcucuta.co\/index.php?rest_route=%2Fwp%2Fv2%2Fcomments&post=28029"}],"version-history":[{"count":1,"href":"https:\/\/contraluzcucuta.co\/index.php?rest_route=\/wp\/v2\/posts\/28029\/revisions"}],"predecessor-version":[{"id":28031,"href":"https:\/\/contraluzcucuta.co\/index.php?rest_route=\/wp\/v2\/posts\/28029\/revisions\/28031"}],"wp:featuredmedia":[{"embeddable":true,"href":"https:\/\/contraluzcucuta.co\/index.php?rest_route=\/wp\/v2\/media\/28030"}],"wp:attachment":[{"href":"https:\/\/contraluzcucuta.co\/index.php?rest_route=%2Fwp%2Fv2%2Fmedia&parent=28029"}],"wp:term":[{"taxonomy":"category","embeddable":true,"href":"https:\/\/contraluzcucuta.co\/index.php?rest_route=%2Fwp%2Fv2%2Fcategories&post=28029"},{"taxonomy":"post_tag","embeddable":true,"href":"https:\/\/contraluzcucuta.co\/index.php?rest_route=%2Fwp%2Fv2%2Ftags&post=28029"}],"curies":[{"name":"wp","href":"https:\/\/api.w.org\/{rel}","templated":true}]}}