{"id":28017,"date":"2016-08-29T22:53:21","date_gmt":"2016-08-30T03:53:21","guid":{"rendered":"http:\/\/contraluzcucuta.co\/?p=28017"},"modified":"2016-08-29T22:53:21","modified_gmt":"2016-08-30T03:53:21","slug":"notas-al-margen-pensando-en-el-futuro-invocamos-santander-y-bolivar","status":"publish","type":"post","link":"https:\/\/contraluzcucuta.co\/?p=28017","title":{"rendered":"NOTAS AL MARGEN. Pensando en el\u00a0 futuro, invocamos\u00a0\u00a0 a Santander y a Bol\u00edvar"},"content":{"rendered":"<p>1.- Porque entre Colombia y Venezuela,\u00a0 hay opciones de gran importancia, para desarrollar acciones, que sin lugar a dudas, ser\u00e1n ben\u00e9ficas e impulsoras, para\u00a0 las dos naciones ,sorprende captar y deducir que pasado un a\u00f1o del cierre intempestivo y unilateral adoptado por Venezuela para el cierre de la frontera, a\u00fan no exista, entre las dos naciones &#8211;\u00a0 y activa y vigente, &#8211;\u00a0 una :\u00a0 comisi\u00f3n extraordinaria y especial fronteriza bilateral- compuesta e integrada por importantes y entendidos voceros de lo p\u00fablico y privado-incluyendo la representaci\u00f3n regional de las personas que conforman la frontera- Y, que ya debieran, estar definiendo y concretando en proyectos e iniciativas, de amplia divulgaci\u00f3n, lo que tantas veces se ha\u00a0 expuesto.<\/p>\n<p>2.-Y, lo pedido y esperado, se sintetiza, en:<\/p>\n<p>A.- La creaci\u00f3n\u00a0 de una Zona Especial Binacional de Integraci\u00f3n o legislaci\u00f3n para establecer: Parques Industriales y Tecnol\u00f3gicos, Zonas Francas Especializadas y una Zona Aduanera, para maquiladoras. Y, con: Incentivos, Est\u00edmulos y Mecanismos, modernos y din\u00e1micos, de aplicaci\u00f3n y proyecci\u00f3n para estos prop\u00f3sitos creadores de empleo-que\u00a0 es, lo que m\u00e1s requieren tanto Venezuela como Colombia \u2013 y, especialmente en las fajas territoriales fronterizas, que han sido marginales y abandonadas, no obstante sus potenciales.<\/p>\n<p>B.-La creaci\u00f3n del Banco de Fomento e Integraci\u00f3n Fronteriza, para que quienes se asocien a los desarrollos industriales y en los fundamentales de investigaci\u00f3n, capacitaci\u00f3n y servicios generales y especializados, tengan una entidad, que les sirva de apoyo y asistencia. Para el cumplimiento de este anhelo, se ha venido reiterando en la posibilidad\u00a0 y\u00a0 conveniencia de participaci\u00f3n, de: Los Bancos Centrales de Colombia y Venezuela, m\u00e1s la\u00a0 cooperaci\u00f3n del Banco Interamericano de Desarrollo \u2013BID- y de la Corporaci\u00f3n Andina de Fomento, as\u00ed como de los accionistas, que como socios, quieran hacer parte de esta labor-con visi\u00f3n futurista y productiva &#8211; y de gran avance latinoamericano.<\/p>\n<p>C.-La creaci\u00f3n de est\u00edmulos ,para :profesores, estudiantes y cooperadores p\u00fablicos y privados, que animen e impulsen la investigaci\u00f3n cient\u00edfica de nuestras Universidades y Centros de Estudio, para la mayor y mejor utilizaci\u00f3n de nuestros recursos, mediante la pr\u00e1ctica utilizaci\u00f3n\u00a0 de recursos y tecnolog\u00edas aplicables a lo que requerimos o necesitamos.<\/p>\n<p>D.-La creaci\u00f3n del Ministerio de Fronteras, por cada Estado, con el fin de dar vida y vigor a los prospectos de integraci\u00f3n y cooperaci\u00f3n, mediante una constante atenci\u00f3n y favorecimiento a las iniciativas, planes, programas y prospectos que se definan a nivel de los dos gobiernos y de la Comisi\u00f3n\u00a0 Binacional Fronteriza, para el desarrollo de las zonas fronterizas.<\/p>\n<p>3.-Quienes han pulsado y estimado estos empe\u00f1os, reconocen, que por ah\u00ed, es el camino.<\/p>\n<p>Ahora, que Colombia, encamina sus pasos hacia la paz y acept\u00e1ndose que una mayor confianza y solidaridad entre Venezuela y Colombia, podr\u00eda dar unos frutos, de enorme importancia y trascendencia, para los dos Estados, vivamente anhelamos que los m\u00e1s de 200 a\u00f1os que han forjado nuestros v\u00ednculos de respeto, fraternidad ,libertad y amistad en lo social ,econ\u00f3mico y pol\u00edtico, sirvan, para esperar-pero pronto y bien cimentado-un GRAN ACUERDO DE VOLUNTADES-\u00a0 para contabilizar con hechos, nuestro crecimiento y ascenso nacionales. Adem\u00e1s, en esencia\u00a0 y sobre esto, fue\u00a0 siempre, el gran inter\u00e9s de Santander y Bol\u00edvar.<\/p>\n<p><strong>JOS\u00c9 NEIRA REY<\/strong><\/p>\n<p><strong><a href=\"mailto:jneirarey@hotmail.com\">jneirarey@hotmail.com<\/a><\/strong><\/p>\n<p><strong>Foto: <\/strong><strong>cronicasdecucuta.blogspot.com<\/strong><\/p>\n<p>&nbsp;<\/p>\n<p>&nbsp;<\/p>\n<p>&nbsp;<\/p>\n<p>&nbsp; <\/p>\n","protected":false},"excerpt":{"rendered":"<p>1.- Porque entre Colombia y Venezuela,\u00a0 hay opciones de gran importancia, para desarrollar acciones, que sin lugar a dudas, ser\u00e1n ben\u00e9ficas e impulsoras, para\u00a0 las dos naciones ,sorprende captar y deducir que pasado un a\u00f1o del cierre intempestivo y unilateral adoptado por Venezuela para el cierre de la frontera, a\u00fan no exista, entre las dos &hellip;<\/p>\n","protected":false},"author":1,"featured_media":28018,"comment_status":"open","ping_status":"open","sticky":false,"template":"","format":"standard","meta":{"footnotes":""},"categories":[14,4],"tags":[2690,382,956,98],"class_list":["post-28017","post","type-post","status-publish","format-standard","has-post-thumbnail","hentry","category-articulistas","category-barra","tag-francisco-de-paula-santander","tag-jose-neira","tag-notas-al-margen","tag-simon-bolivar"],"_links":{"self":[{"href":"https:\/\/contraluzcucuta.co\/index.php?rest_route=\/wp\/v2\/posts\/28017","targetHints":{"allow":["GET"]}}],"collection":[{"href":"https:\/\/contraluzcucuta.co\/index.php?rest_route=\/wp\/v2\/posts"}],"about":[{"href":"https:\/\/contraluzcucuta.co\/index.php?rest_route=\/wp\/v2\/types\/post"}],"author":[{"embeddable":true,"href":"https:\/\/contraluzcucuta.co\/index.php?rest_route=\/wp\/v2\/users\/1"}],"replies":[{"embeddable":true,"href":"https:\/\/contraluzcucuta.co\/index.php?rest_route=%2Fwp%2Fv2%2Fcomments&post=28017"}],"version-history":[{"count":1,"href":"https:\/\/contraluzcucuta.co\/index.php?rest_route=\/wp\/v2\/posts\/28017\/revisions"}],"predecessor-version":[{"id":28019,"href":"https:\/\/contraluzcucuta.co\/index.php?rest_route=\/wp\/v2\/posts\/28017\/revisions\/28019"}],"wp:featuredmedia":[{"embeddable":true,"href":"https:\/\/contraluzcucuta.co\/index.php?rest_route=\/wp\/v2\/media\/28018"}],"wp:attachment":[{"href":"https:\/\/contraluzcucuta.co\/index.php?rest_route=%2Fwp%2Fv2%2Fmedia&parent=28017"}],"wp:term":[{"taxonomy":"category","embeddable":true,"href":"https:\/\/contraluzcucuta.co\/index.php?rest_route=%2Fwp%2Fv2%2Fcategories&post=28017"},{"taxonomy":"post_tag","embeddable":true,"href":"https:\/\/contraluzcucuta.co\/index.php?rest_route=%2Fwp%2Fv2%2Ftags&post=28017"}],"curies":[{"name":"wp","href":"https:\/\/api.w.org\/{rel}","templated":true}]}}