{"id":28013,"date":"2016-08-29T22:20:34","date_gmt":"2016-08-30T03:20:34","guid":{"rendered":"http:\/\/contraluzcucuta.co\/?p=28013"},"modified":"2016-08-29T22:20:34","modified_gmt":"2016-08-30T03:20:34","slug":"crisis-en-venezuela-marchas-del-primero-de-septiembre-ejercicio-del-legitimo-derecho","status":"publish","type":"post","link":"https:\/\/contraluzcucuta.co\/?p=28013","title":{"rendered":"CRISIS EN VENEZUELA. Marchas del primero de septiembre, ejercicio del leg\u00edtimo derecho"},"content":{"rendered":"<p><strong>CARACAS \u2013 Venezuela.-<\/strong> Apoyados en un derecho constitucional, distintos factores pol\u00edticos han convocado para el primero de septiembre, a movilizaciones, concentraciones y otras actividades pol\u00edticas en Caracas. La Presidencia de la Conferencia Episcopal Venezolana, atenta a los acontecimientos del pueblo, quiere manifestar lo siguiente:<\/p>\n<p>1.- Se trata del ejercicio de un leg\u00edtimo derecho establecido en la Constituci\u00f3n y el ordenamiento jur\u00eddico de Venezuela. Por eso, dichas movilizaciones, concentraciones y actividades de car\u00e1cter pol\u00edtico tienen que ser respetadas y amparadas por los organismos del Estado y, adem\u00e1s, desarrollarse en un clima de paz, convivencia social, tolerancia y respeto.<\/p>\n<p>2.- El Estado, con sus diversas instituciones y, particularmente organismos de seguridad, tiene la obligaci\u00f3n en cumplimiento con lo establecido por la Ley, de garantizar a todos los ciudadanos el derecho a la libre expresi\u00f3n de sus ideas, la libre circulaci\u00f3n por el pa\u00eds, as\u00ed como la integridad personal y el respeto del Bien Com\u00fan.<\/p>\n<p>3.- Ratificamos lo expresado por el Episcopado nacional el pasado 12 de julio en la Exhortaci\u00f3n \u201cEl Se\u00f1or ama al que busca la justicia\u201d (Prov 15,9), reiteramos la necesidad de brindar \u00f3ptimas respuestas a las necesidades y anhelos del pueblo venezolano. De igual modo, hacemos un llamado para que todos los hombres y mujeres de Venezuela, cualquiera que sea su condici\u00f3n y su posici\u00f3n pol\u00edtica, al expresarse lo hagan con el respeto que merecen las opiniones contrarias y con el prop\u00f3sito de trabajar por la paz, como nos lo pide el Se\u00f1or Jes\u00fas (cf. Mt 5, 9).<\/p>\n<p>4.- Los Obispos reafirmamos nuestra cercan\u00eda con todos, en especial con aquellos que m\u00e1s sufren. Los fieles cristianos laicos tienen un papel muy importante en la edificaci\u00f3n de la paz en el pa\u00eds; en particular quienes se dedican a la pol\u00edtica y al trabajo o voluntariado social: deben agotar todos los esfuerzos para hacer posible la cultura del encuentro y del di\u00e1logo constructivo y crear el ambiente para la reconciliaci\u00f3n de todos los hombres y mujeres de Venezuela<\/p>\n<p>5.- Los sacerdotes, cada uno desde su centro de acci\u00f3n pastoral tienen como promover la oraci\u00f3n por la paz y el bien de todos los venezolanos, auspiciar el encuentro, el entendimiento y el di\u00e1logo, as\u00ed como favorecer la integridad de todos los ciudadanos, especialmente de los m\u00e1s d\u00e9biles y necesitados. Por ello, insistimos como expresi\u00f3n de la misericordia en este A\u00f1o Jubilar, en la constituci\u00f3n de las \u201cCaritas Parroquiales\u201d. Conforme a su vocaci\u00f3n de padres y servidores de todos sin excepci\u00f3n, los sacerdotes deben abstenerse de participar en actividades pol\u00edtico-partidistas.<\/p>\n<p>El Dios del Amor nos acompa\u00f1e en todo momento con su gracia y bendici\u00f3n y que la protecci\u00f3n de Nuestra Se\u00f1ora de Coromoto fortalezca el compromiso de los venezolanos por edificar la Paz, la Justicia y la Misericordia.<\/p>\n<p>Cardenal Jorge Urosa Savino, Arzobispo de Caracas<\/p>\n<p>Monse\u00f1or Diego Rafael Padr\u00f3n S\u00e1nchez, Arzobispo de Cuman\u00e1<\/p>\n<p>Monse\u00f1or Jos\u00e9 Luis Azuaje Ayala, Obispo de Barinas<\/p>\n<p>Monse\u00f1or Mario Moronta Rodr\u00edguez, Obispo de San Crist\u00f3bal<\/p>\n<p>Monse\u00f1or V\u00edctor Hugo Basabe, Obispo de San Felipe.<\/p>\n<p><strong>Foto: <\/strong><strong><a href=\"http:\/\/www.notilogia.com\">www.notilogia.com<\/a><\/strong><\/p>\n<p>&nbsp;<\/p>\n<p>&nbsp; <\/p>\n","protected":false},"excerpt":{"rendered":"<p>CARACAS \u2013 Venezuela.- Apoyados en un derecho constitucional, distintos factores pol\u00edticos han convocado para el primero de septiembre, a movilizaciones, concentraciones y otras actividades pol\u00edticas en Caracas. La Presidencia de la Conferencia Episcopal Venezolana, atenta a los acontecimientos del pueblo, quiere manifestar lo siguiente: 1.- Se trata del ejercicio de un leg\u00edtimo derecho establecido en &hellip;<\/p>\n","protected":false},"author":1,"featured_media":28014,"comment_status":"open","ping_status":"open","sticky":false,"template":"","format":"standard","meta":{"footnotes":""},"categories":[1326,45,4],"tags":[1164,3178],"class_list":["post-28013","post","type-post","status-publish","format-standard","has-post-thumbnail","hentry","category-crisis-en-venezuela-2","category-destacado","category-barra","tag-crisis-en-venezuela","tag-marchas-en-caracas"],"_links":{"self":[{"href":"https:\/\/contraluzcucuta.co\/index.php?rest_route=\/wp\/v2\/posts\/28013","targetHints":{"allow":["GET"]}}],"collection":[{"href":"https:\/\/contraluzcucuta.co\/index.php?rest_route=\/wp\/v2\/posts"}],"about":[{"href":"https:\/\/contraluzcucuta.co\/index.php?rest_route=\/wp\/v2\/types\/post"}],"author":[{"embeddable":true,"href":"https:\/\/contraluzcucuta.co\/index.php?rest_route=\/wp\/v2\/users\/1"}],"replies":[{"embeddable":true,"href":"https:\/\/contraluzcucuta.co\/index.php?rest_route=%2Fwp%2Fv2%2Fcomments&post=28013"}],"version-history":[{"count":1,"href":"https:\/\/contraluzcucuta.co\/index.php?rest_route=\/wp\/v2\/posts\/28013\/revisions"}],"predecessor-version":[{"id":28015,"href":"https:\/\/contraluzcucuta.co\/index.php?rest_route=\/wp\/v2\/posts\/28013\/revisions\/28015"}],"wp:featuredmedia":[{"embeddable":true,"href":"https:\/\/contraluzcucuta.co\/index.php?rest_route=\/wp\/v2\/media\/28014"}],"wp:attachment":[{"href":"https:\/\/contraluzcucuta.co\/index.php?rest_route=%2Fwp%2Fv2%2Fmedia&parent=28013"}],"wp:term":[{"taxonomy":"category","embeddable":true,"href":"https:\/\/contraluzcucuta.co\/index.php?rest_route=%2Fwp%2Fv2%2Fcategories&post=28013"},{"taxonomy":"post_tag","embeddable":true,"href":"https:\/\/contraluzcucuta.co\/index.php?rest_route=%2Fwp%2Fv2%2Ftags&post=28013"}],"curies":[{"name":"wp","href":"https:\/\/api.w.org\/{rel}","templated":true}]}}