{"id":27961,"date":"2016-08-22T19:44:18","date_gmt":"2016-08-23T00:44:18","guid":{"rendered":"http:\/\/contraluzcucuta.co\/?p=27961"},"modified":"2016-08-22T19:44:18","modified_gmt":"2016-08-23T00:44:18","slug":"centro-penitenciario-150-reclusos-le-cantaran-la-paz-en-cucuta","status":"publish","type":"post","link":"https:\/\/contraluzcucuta.co\/?p=27961","title":{"rendered":"CENTRO PENITENCIARIO. 150 reclusos le cantar\u00e1n a la paz, en C\u00facuta"},"content":{"rendered":"<p><strong>C\u00daCUTA.-<\/strong> Ciento cincuenta internos del Centro Penitenciario y Carcelario de C\u00facuta le cantar\u00e1n a la paz, el 24 de agosto, \u00a0a las 10:00 de la ma\u00f1ana. Ser\u00e1 el primer concierto de reconciliaci\u00f3n y paz y tendr\u00e1 como objetivo construir el perd\u00f3n y la reconciliaci\u00f3n desde los lugares de reclusi\u00f3n.<\/p>\n<p>La actividad cultural es organizado por la Gobernaci\u00f3n, la Secretar\u00eda de V\u00edctimas, Paz y Posconflicto y el Inpec. L\u00edderes gestores y excombatientes de grupos al margen de la ley expresar\u00e1n sentimientos de perd\u00f3n y estrechar\u00e1n la mano de familiares de las v\u00edctimas, como acto simb\u00f3lico del compromiso con la paz.<\/p>\n<p>El director de la c\u00e1rcel Germ\u00e1n Ricaurte dijo que se empezar\u00e1 a \u201ctrabajar para la reconciliaci\u00f3n desde el penal, donde est\u00e1 la mayor\u00eda de los actores del conflicto armado, v\u00edctimas y victimarios de Norte de Santander\u201d.<\/p>\n<p>Luis Fernando Ni\u00f1o, secretario de V\u00edctimas, indic\u00f3 que\u00a0 con la propuesta se implementar\u00e1n talleres y programas psicosociales institucionales, que afianzan la tolerancia, resocializaci\u00f3n y educaci\u00f3n de los condenados.<\/p>\n<p>La idea naci\u00f3 en los penitenciarios, hace dos a\u00f1os, con el acto de \u2018Paz y perd\u00f3n\u2019, con ayuda del Centro de Inspiraci\u00f3n para la Paz de Norte de Santander.<\/p>\n<p>Se necesitan m\u00e1s y mejores oportunidades, porque en las c\u00e1rceles hay gente que quiere el cambio, pero la sociedad no le ha brindado ayudas. Se quiere pedir a la comunidad que no se mire de mala manera a estas personas, sino como seres humanos que quieren aportarle al pa\u00eds.<\/p>\n<p><strong>Foto: Archivo<\/strong><\/p>\n<p><strong>\u00a0<\/strong> <\/p>\n","protected":false},"excerpt":{"rendered":"<p>C\u00daCUTA.- Ciento cincuenta internos del Centro Penitenciario y Carcelario de C\u00facuta le cantar\u00e1n a la paz, el 24 de agosto, \u00a0a las 10:00 de la ma\u00f1ana. Ser\u00e1 el primer concierto de reconciliaci\u00f3n y paz y tendr\u00e1 como objetivo construir el perd\u00f3n y la reconciliaci\u00f3n desde los lugares de reclusi\u00f3n. La actividad cultural es organizado por &hellip;<\/p>\n","protected":false},"author":1,"featured_media":27962,"comment_status":"open","ping_status":"open","sticky":false,"template":"","format":"standard","meta":{"footnotes":""},"categories":[11,4],"tags":[2637,3168],"class_list":["post-27961","post","type-post","status-publish","format-standard","has-post-thumbnail","hentry","category-cronica-roja","category-barra","tag-centro-penitenciario-y-carcelario-de-cucuta","tag-oncierto-de-reconciliacion-y-paz"],"_links":{"self":[{"href":"https:\/\/contraluzcucuta.co\/index.php?rest_route=\/wp\/v2\/posts\/27961","targetHints":{"allow":["GET"]}}],"collection":[{"href":"https:\/\/contraluzcucuta.co\/index.php?rest_route=\/wp\/v2\/posts"}],"about":[{"href":"https:\/\/contraluzcucuta.co\/index.php?rest_route=\/wp\/v2\/types\/post"}],"author":[{"embeddable":true,"href":"https:\/\/contraluzcucuta.co\/index.php?rest_route=\/wp\/v2\/users\/1"}],"replies":[{"embeddable":true,"href":"https:\/\/contraluzcucuta.co\/index.php?rest_route=%2Fwp%2Fv2%2Fcomments&post=27961"}],"version-history":[{"count":1,"href":"https:\/\/contraluzcucuta.co\/index.php?rest_route=\/wp\/v2\/posts\/27961\/revisions"}],"predecessor-version":[{"id":27963,"href":"https:\/\/contraluzcucuta.co\/index.php?rest_route=\/wp\/v2\/posts\/27961\/revisions\/27963"}],"wp:featuredmedia":[{"embeddable":true,"href":"https:\/\/contraluzcucuta.co\/index.php?rest_route=\/wp\/v2\/media\/27962"}],"wp:attachment":[{"href":"https:\/\/contraluzcucuta.co\/index.php?rest_route=%2Fwp%2Fv2%2Fmedia&parent=27961"}],"wp:term":[{"taxonomy":"category","embeddable":true,"href":"https:\/\/contraluzcucuta.co\/index.php?rest_route=%2Fwp%2Fv2%2Fcategories&post=27961"},{"taxonomy":"post_tag","embeddable":true,"href":"https:\/\/contraluzcucuta.co\/index.php?rest_route=%2Fwp%2Fv2%2Ftags&post=27961"}],"curies":[{"name":"wp","href":"https:\/\/api.w.org\/{rel}","templated":true}]}}