{"id":27958,"date":"2016-08-22T19:22:58","date_gmt":"2016-08-23T00:22:58","guid":{"rendered":"http:\/\/contraluzcucuta.co\/?p=27958"},"modified":"2016-08-22T19:22:58","modified_gmt":"2016-08-23T00:22:58","slug":"festival-de-narracion-oral-cuenteros-de-seis-paises-visitaran-ocho-municipios","status":"publish","type":"post","link":"https:\/\/contraluzcucuta.co\/?p=27958","title":{"rendered":"FESTIVAL DE NARRACI\u00d3N ORAL. Cuenteros de seis pa\u00edses visitar\u00e1n ocho municipios"},"content":{"rendered":"<p><strong>C\u00daCUTA.-<\/strong> Cuenteros de Argentina, Espa\u00f1a, Per\u00fa, Guatemala y Venezuela participar\u00e1n en la octava versi\u00f3n del Festival Internacional de Cuenteros de Norte de Santander. \u2018Encuent\u00e9monos en la frontera 2016 &#8211; metidos en el cuento\u2019, tambi\u00e9n tendr\u00e1 representantes de Colombia, procedentes de Cali, Medell\u00edn, Bogot\u00e1, Barranquilla y Tunja.<\/p>\n<p>El talento local ha estado en boca de Luis Emiro, \u2018Catapl\u00e1s\u2019, y de Juan Sebasti\u00e1n Mu\u00f1oz, \u2018Pipito\u2019, quienes conforman el semillero de narradores juveniles e infantiles, elegidos en el encuentro de d\u00edas pasados.<\/p>\n<p>Simult\u00e1neos al festival se efectuar\u00e1n talleres de formaci\u00f3n, en los que se difundir\u00e1 la identidad cultural y se motivar\u00e1 la pr\u00e1ctica y la presentaci\u00f3n de la tradici\u00f3n oral, para fortalecer el sentido de pertenencia por la regi\u00f3n.<\/p>\n<p>El festival inici\u00f3 en el Teatro las Cascadas (El Malec\u00f3n) con los invitados internacionales, nacionales y departamentales. Los cuenteros viajar\u00e1n por Villa del Rosario, Chin\u00e1cota, Salazar de las Palmas, Los Patios, Pamplona, Oca\u00f1a, El Zulia\u00a0 y C\u00facuta.<\/p>\n<p>En C\u00facuta se habilitar\u00e1n espacios en el Centro Cultural Quinta Teresa, la Torre del Reloj, los teatros Zulima, Municipal, Las Cascadas y Manotas, la Universidad Francisco de Paula Santander, Casa Teatro y varios colegios.<\/p>\n<p>El festival internacional finalizar\u00e1 el 27 de agosto. En esa fecha se espera contar con actos especiales y gran asistencia de nortesantandereanos.<\/p>\n<p>Foto: <strong>PRENSA GOBERNACI\u00d3N<\/strong> <\/p>\n","protected":false},"excerpt":{"rendered":"<p>C\u00daCUTA.- Cuenteros de Argentina, Espa\u00f1a, Per\u00fa, Guatemala y Venezuela participar\u00e1n en la octava versi\u00f3n del Festival Internacional de Cuenteros de Norte de Santander. \u2018Encuent\u00e9monos en la frontera 2016 &#8211; metidos en el cuento\u2019, tambi\u00e9n tendr\u00e1 representantes de Colombia, procedentes de Cali, Medell\u00edn, Bogot\u00e1, Barranquilla y Tunja. El talento local ha estado en boca de Luis &hellip;<\/p>\n","protected":false},"author":1,"featured_media":27959,"comment_status":"open","ping_status":"open","sticky":false,"template":"","format":"standard","meta":{"footnotes":""},"categories":[4,2630],"tags":[424,2657],"class_list":["post-27958","post","type-post","status-publish","format-standard","has-post-thumbnail","hentry","category-barra","category-gobernacion","tag-festival-de-cuenteros-en-cucuta","tag-secretaria-departamental-de-cultura"],"_links":{"self":[{"href":"https:\/\/contraluzcucuta.co\/index.php?rest_route=\/wp\/v2\/posts\/27958","targetHints":{"allow":["GET"]}}],"collection":[{"href":"https:\/\/contraluzcucuta.co\/index.php?rest_route=\/wp\/v2\/posts"}],"about":[{"href":"https:\/\/contraluzcucuta.co\/index.php?rest_route=\/wp\/v2\/types\/post"}],"author":[{"embeddable":true,"href":"https:\/\/contraluzcucuta.co\/index.php?rest_route=\/wp\/v2\/users\/1"}],"replies":[{"embeddable":true,"href":"https:\/\/contraluzcucuta.co\/index.php?rest_route=%2Fwp%2Fv2%2Fcomments&post=27958"}],"version-history":[{"count":1,"href":"https:\/\/contraluzcucuta.co\/index.php?rest_route=\/wp\/v2\/posts\/27958\/revisions"}],"predecessor-version":[{"id":27960,"href":"https:\/\/contraluzcucuta.co\/index.php?rest_route=\/wp\/v2\/posts\/27958\/revisions\/27960"}],"wp:featuredmedia":[{"embeddable":true,"href":"https:\/\/contraluzcucuta.co\/index.php?rest_route=\/wp\/v2\/media\/27959"}],"wp:attachment":[{"href":"https:\/\/contraluzcucuta.co\/index.php?rest_route=%2Fwp%2Fv2%2Fmedia&parent=27958"}],"wp:term":[{"taxonomy":"category","embeddable":true,"href":"https:\/\/contraluzcucuta.co\/index.php?rest_route=%2Fwp%2Fv2%2Fcategories&post=27958"},{"taxonomy":"post_tag","embeddable":true,"href":"https:\/\/contraluzcucuta.co\/index.php?rest_route=%2Fwp%2Fv2%2Ftags&post=27958"}],"curies":[{"name":"wp","href":"https:\/\/api.w.org\/{rel}","templated":true}]}}