{"id":27940,"date":"2016-08-20T16:27:21","date_gmt":"2016-08-20T21:27:21","guid":{"rendered":"http:\/\/contraluzcucuta.co\/?p=27940"},"modified":"2016-08-20T16:27:21","modified_gmt":"2016-08-20T21:27:21","slug":"notas-al-margen-un-ano-del-cierre-fronterizo-en-procura-de-cambio","status":"publish","type":"post","link":"https:\/\/contraluzcucuta.co\/?p=27940","title":{"rendered":"NOTAS AL MARGEN. A un a\u00f1o del cierre\u00a0 fronterizo, en procura\u00a0 de cambio"},"content":{"rendered":"<p>1.- Transcurrido un a\u00f1o del cierre unilateral de la frontera colombo-venezolana, es f\u00e1cil deducir que los intentos por hallar unas relaciones positivas y activas entre las zonas de contacto,\u00a0 unas gestiones trascendentes en el gobierno central\u00a0 y unos resultados\u00a0 que promuevan el proceso de trasformaci\u00f3n y cambio socio econ\u00f3mico, que tanto se requiere y anhela, apenas hallar\u00e1 las primeras manifestaciones cuando se comprenda y acepte que el destino de estas fajas territoriales lim\u00edtrofes es para acciones y conductas superiores al contrabando, a la utilizaci\u00f3n de las trochas para obviar controles y a las expectativas individuales\u00a0 de la ganancia f\u00e1cil, porque lo que existe y puede darse y proyectarse mediante una concertaci\u00f3n inteligente y progresista bilateral es la integraci\u00f3n para planes, programas y prospectos mayores que beneficien a la poblaci\u00f3n y que comprometan a los dos Estados en la consolidaci\u00f3n de un proceso real y futurista, generador de empleos, inversiones, investigaciones, capacitaci\u00f3n y mejoras infraestructurales y de servicios b\u00e1sicos que agilicen el comercio, incentiven la industrializaci\u00f3n y la modernidad y desarrollo, en todas las actividades.<\/p>\n<p>2.- Adem\u00e1s, nos falta consolidar un aut\u00e9ntico y mayor\u00a0 accionar hacia la estructuraci\u00f3n de un\u00a0 esp\u00edritu y presencia\u00a0 integracionistas, que mediante la renovaci\u00f3n de cuadros y llamamientos a la mayor ilustraci\u00f3n hagan\u00a0 posible que los actores y part\u00edcipes en\u00a0 las posiciones y cargos representativos y de poder propicien y ayuden a\u00a0 definir los pasos y gestiones que se deben adoptar en las diferentes y variadas manifestaciones del despertar hacia la modernidad y el progreso, a uno y otro lado de los l\u00edmites.<\/p>\n<p>\u00bfPor qu\u00e9? Porque tenemos que confesar y reconocer, que nos falta menos centralismo\u00a0 y m\u00e1s\u00a0 apoyo en representatividad, descentralizaci\u00f3n, unidad y trabajo en equipo, tanto en la estructura\u00a0 del poder y la comunidad, como en las etapas que conciernen a lo municipal, departamental y nacional, dado que\u00a0 la noci\u00f3n de grupo o de partido y hasta la indiferencia e indolencia, a veces, predominan sobre lo que a gritos pide el conjunto c\u00edvico y poblacional en general, que aspira y anhela el hallazgo de nuevas y bien cimentadas vivencias.<\/p>\n<p>3.- Las opciones que se han precisado en la Carta Magna, que establece prerrogativas para entendimientos y acuerdos con la entidad lim\u00edtrofe, del pa\u00eds vecino, de igual nivel, para programas de cooperaci\u00f3n e integraci\u00f3n dirigidos a fomentar el desarrollo comunitario, la prestaci\u00f3n de servicios p\u00fablicos y la preservaci\u00f3n del ambiente, sigue sin utilizarse, porque no hay, ni se estimulan\u00a0 las relaciones de intercambio e interacci\u00f3n bilateral, que debieran ser constantes, ejemplarizantes y progresistas.<\/p>\n<p>De igual modo, los sectores gubernamental, empresarial, profesional, laboral, cultural, universitario y period\u00edstico deben tener mayor presencia y participaci\u00f3n en encuentros, reuniones y citas de valoraci\u00f3n, confrontaci\u00f3n y estudio sobre la tem\u00e1tica de lo presente y de sus proyecciones hacia el futuro, porque si se evaluara de manera clara y honesta lo que nos falta y los vac\u00edos y las fallas existentes, la falla humana, por divergencia de criterios, errada concepci\u00f3n de empe\u00f1os y equivocada vigencia y utilizaci\u00f3n del poder y la visi\u00f3n de perspectivas \u00a0\u00a0sintetiza la m\u00e1s alta prioridad de atenci\u00f3n\u00a0 y asistencia.<\/p>\n<p>S\u00ed, en fronteras hay mucho por hacer y para gestiones de significativa\u00a0 trascendencia e importancia, pero hay que\u00a0\u00a0 formalizar\u00a0 los deseos de\u00a0 cambio y\u00a0 trasformaci\u00f3n con hechos estimulantes y bien fundamentados, porque las metas deben cubrir lo local, regional, nacional, binacional e internacional. Y eso es un reto que exige un n\u00facleo de dirigentes\u00a0 ilustrados y conscientes de la responsabilidad y el \u00a0compromiso integracionista.<\/p>\n<p><strong>\u00a0JOS\u00c9 NEIRA REY<\/strong><\/p>\n<p><strong>\u00a0<a href=\"mailto:jneirarey@hotmail.com\">jneirarey@hotmail.com<\/a><\/strong><\/p>\n<p><strong>Foto: <a href=\"http:\/\/www.contraluzcucuta.co\">www.contraluzcucuta.co<\/a><\/strong><\/p>\n<p>&nbsp; <\/p>\n","protected":false},"excerpt":{"rendered":"<p>1.- Transcurrido un a\u00f1o del cierre unilateral de la frontera colombo-venezolana, es f\u00e1cil deducir que los intentos por hallar unas relaciones positivas y activas entre las zonas de contacto,\u00a0 unas gestiones trascendentes en el gobierno central\u00a0 y unos resultados\u00a0 que promuevan el proceso de trasformaci\u00f3n y cambio socio econ\u00f3mico, que tanto se requiere y anhela, &hellip;<\/p>\n","protected":false},"author":1,"featured_media":27941,"comment_status":"open","ping_status":"open","sticky":false,"template":"","format":"standard","meta":{"footnotes":""},"categories":[14,4],"tags":[382,956],"class_list":["post-27940","post","type-post","status-publish","format-standard","has-post-thumbnail","hentry","category-articulistas","category-barra","tag-jose-neira","tag-notas-al-margen"],"_links":{"self":[{"href":"https:\/\/contraluzcucuta.co\/index.php?rest_route=\/wp\/v2\/posts\/27940","targetHints":{"allow":["GET"]}}],"collection":[{"href":"https:\/\/contraluzcucuta.co\/index.php?rest_route=\/wp\/v2\/posts"}],"about":[{"href":"https:\/\/contraluzcucuta.co\/index.php?rest_route=\/wp\/v2\/types\/post"}],"author":[{"embeddable":true,"href":"https:\/\/contraluzcucuta.co\/index.php?rest_route=\/wp\/v2\/users\/1"}],"replies":[{"embeddable":true,"href":"https:\/\/contraluzcucuta.co\/index.php?rest_route=%2Fwp%2Fv2%2Fcomments&post=27940"}],"version-history":[{"count":1,"href":"https:\/\/contraluzcucuta.co\/index.php?rest_route=\/wp\/v2\/posts\/27940\/revisions"}],"predecessor-version":[{"id":27942,"href":"https:\/\/contraluzcucuta.co\/index.php?rest_route=\/wp\/v2\/posts\/27940\/revisions\/27942"}],"wp:featuredmedia":[{"embeddable":true,"href":"https:\/\/contraluzcucuta.co\/index.php?rest_route=\/wp\/v2\/media\/27941"}],"wp:attachment":[{"href":"https:\/\/contraluzcucuta.co\/index.php?rest_route=%2Fwp%2Fv2%2Fmedia&parent=27940"}],"wp:term":[{"taxonomy":"category","embeddable":true,"href":"https:\/\/contraluzcucuta.co\/index.php?rest_route=%2Fwp%2Fv2%2Fcategories&post=27940"},{"taxonomy":"post_tag","embeddable":true,"href":"https:\/\/contraluzcucuta.co\/index.php?rest_route=%2Fwp%2Fv2%2Ftags&post=27940"}],"curies":[{"name":"wp","href":"https:\/\/api.w.org\/{rel}","templated":true}]}}