{"id":27937,"date":"2016-08-20T15:52:13","date_gmt":"2016-08-20T20:52:13","guid":{"rendered":"http:\/\/contraluzcucuta.co\/?p=27937"},"modified":"2016-08-20T15:52:13","modified_gmt":"2016-08-20T20:52:13","slug":"necrologia-alexis-franco-fe-y-compromiso","status":"publish","type":"post","link":"https:\/\/contraluzcucuta.co\/?p=27937","title":{"rendered":"NECROLOG\u00cdA. Alexis Franco: fe y compromiso"},"content":{"rendered":"<p>La noticia de la muerte\u00a0 de Alexis Franco entristece a la gente que en el Oriente Colombiano gusta de la\u00a0 creatividad\u00a0 y entrega\u00a0 en busca de cumplir\u00a0 sue\u00f1os. Alexis, campesino nacido en San Calixto, se\u00a0 aferr\u00f3\u00a0 a\u00a0 la\u00a0 voluntad de\u00a0 ser hombre de paz y llevar, con su m\u00fasica, mensajes de\u00a0 reconciliaci\u00f3n, adem\u00e1s de\u00a0 viajar\u00a0 por el mundo. Esculc\u00f3 hasta\u00a0 el \u00faltimo cent\u00edmetro su tierra oca\u00f1era para mostrarnos\u00a0 su idiosincrasia y su esencia. Fue\u00a0 de\u00a0 feria\u00a0 en feria, de\u00a0 comunidad \u00a0en comunidad,\u00a0 visualiz\u00e1ndola\u00a0 y\u00a0 entregando\u00a0 el\u00a0 sacrificio en el\u00a0 trabajo para\u00a0 que muchos tuvieran voz\u00a0 en los medios.<\/p>\n<p>Era\u00a0 el compositor\u00a0 de la paz\u00a0 y la \u00a0fe. En sus\u00a0 canciones se dibujaba la\u00a0 esencia de\u00a0 su tierra,\u00a0 pero de igual manera la necesidad de reconciliarnos, de estar juntos, de emprender caminos de entendimiento y superaci\u00f3n. \u00bfCu\u00e1nta falta har\u00e1 Alexis\u00a0 en estos momentos que Colombia\u00a0 necesita\u00a0 gente\u00a0 como\u00a0 \u00e9l? Un colombiano de\u00a0 sentimiento\u00a0 y\u00a0 arraigo. El frente\u00a0 de\u00a0 su casa,\u00a0 en Oca\u00f1a, estaba decorado con los colores\u00a0 de nuestra bandera,\u00a0 su\u00a0 acorde\u00f3n, su chaleco de trabajo,\u00a0 sus insignias\u00a0 y\u00a0 su lenguaje\u00a0 eran\u00a0 de\u00a0 amor por la patria. A\u00a0 decir\u00a0 verdad,\u00a0 nadie dio\u00a0 tanto en\u00a0 sentimientos por\u00a0 su tierra\u00a0 y\u00a0 recibi\u00f3\u00a0 tan poco.<\/p>\n<p>\u00bfQui\u00e9n visualizar\u00e1 ahora\u00a0 esas\u00a0 comunidades en el canal\u00a0 regional \u00a0o local \u00a0gracias\u00a0 a\u00a0 Francovisi\u00f3n, que revel\u00f3 las\u00a0 necesidades de gente como la de Hacar\u00ed, municipio a\u00a0 donde\u00a0 los medios de comunicaci\u00f3n est\u00e1n autocensurados? \u00bfQui\u00e9n mostrar\u00e1 a San Calixto, las\u00a0 veredas\u00a0 y asentamientos\u00a0 como\u00a0 San Paulo\u00a0 y muchos\u00a0 m\u00e1s? \u00bfQui\u00e9n ahora lo har\u00e1? Ese\u00a0 es\u00a0 un pedazo\u00a0 del trabajo que\u00a0 hacia\u00a0 Francovisi\u00f3n,\u00a0 no s\u00f3lo divulgar,\u00a0 sino promover\u00a0 el talento\u00a0 de los\u00a0 j\u00f3venes\u00a0 que se adentraron\u00a0 en el mundo de televisi\u00f3n. Presentadoras,\u00a0 camar\u00f3grafos\u00a0 y\u00a0 periodistas, es\u00a0 a ellos a quienes\u00a0 m\u00e1s les\u00a0 debe\u00a0 doler\u00a0 y\u00a0 da\u00f1ar esta\u00a0 ins\u00f3lita\u00a0 partida de Alexis.<\/p>\n<p>Y la muerte lo sorprendi\u00f3 en su oficio, regresando de El Tarra, en un absurdo accidente. Seguro ven\u00eda de hacer una nota, de acompa\u00f1ar una comunidad en un evento o de hacer una presentaci\u00f3n con su grupo. Ojal\u00e1, en Norte de Santander se exalte su vida y que su tierra oca\u00f1era distinga su existencia porque luch\u00f3 solo, siempre acompa\u00f1ado de amigos que cre\u00edan en sus andanzas, m\u00e1s como un acto de solidaridad que de creencia y fe absoluta. Alexis en su corta existencia nos deja una lecci\u00f3n de vida, nos ense\u00f1\u00f3 que se debe persistir, buscar para hacer realidad los sue\u00f1os, no desmayar. Pero el legado importante que deja, es que por duras que sean las situaciones no debemos abandonar nuestro sue\u00f1o ni alejarnos de Dios, de Jes\u00fas, al que cant\u00f3 y al que le dijo: \u201cmi compa\u00f1erode viaje\u201d. Ese fue su legado: fe y compromiso. Paz\u00a0\u00a0 en la tumba de Alexis Franco.<\/p>\n<p><strong>JUAN RICARDO G\u00c9LVEZ<\/strong><\/p>\n<p><strong>Foto: Especial para <a href=\"http:\/\/www.contraluzcucuta.co\">www.contraluzcucuta.co<\/a><\/strong> <\/p>\n","protected":false},"excerpt":{"rendered":"<p>La noticia de la muerte\u00a0 de Alexis Franco entristece a la gente que en el Oriente Colombiano gusta de la\u00a0 creatividad\u00a0 y entrega\u00a0 en busca de cumplir\u00a0 sue\u00f1os. Alexis, campesino nacido en San Calixto, se\u00a0 aferr\u00f3\u00a0 a\u00a0 la\u00a0 voluntad de\u00a0 ser hombre de paz y llevar, con su m\u00fasica, mensajes de\u00a0 reconciliaci\u00f3n, adem\u00e1s de\u00a0 viajar\u00a0 &hellip;<\/p>\n","protected":false},"author":1,"featured_media":27938,"comment_status":"open","ping_status":"open","sticky":false,"template":"","format":"standard","meta":{"footnotes":""},"categories":[45,1967],"tags":[3162,1436],"class_list":["post-27937","post","type-post","status-publish","format-standard","has-post-thumbnail","hentry","category-destacado","category-necrologias","tag-alexis-franco","tag-canal-tro"],"_links":{"self":[{"href":"https:\/\/contraluzcucuta.co\/index.php?rest_route=\/wp\/v2\/posts\/27937","targetHints":{"allow":["GET"]}}],"collection":[{"href":"https:\/\/contraluzcucuta.co\/index.php?rest_route=\/wp\/v2\/posts"}],"about":[{"href":"https:\/\/contraluzcucuta.co\/index.php?rest_route=\/wp\/v2\/types\/post"}],"author":[{"embeddable":true,"href":"https:\/\/contraluzcucuta.co\/index.php?rest_route=\/wp\/v2\/users\/1"}],"replies":[{"embeddable":true,"href":"https:\/\/contraluzcucuta.co\/index.php?rest_route=%2Fwp%2Fv2%2Fcomments&post=27937"}],"version-history":[{"count":1,"href":"https:\/\/contraluzcucuta.co\/index.php?rest_route=\/wp\/v2\/posts\/27937\/revisions"}],"predecessor-version":[{"id":27939,"href":"https:\/\/contraluzcucuta.co\/index.php?rest_route=\/wp\/v2\/posts\/27937\/revisions\/27939"}],"wp:featuredmedia":[{"embeddable":true,"href":"https:\/\/contraluzcucuta.co\/index.php?rest_route=\/wp\/v2\/media\/27938"}],"wp:attachment":[{"href":"https:\/\/contraluzcucuta.co\/index.php?rest_route=%2Fwp%2Fv2%2Fmedia&parent=27937"}],"wp:term":[{"taxonomy":"category","embeddable":true,"href":"https:\/\/contraluzcucuta.co\/index.php?rest_route=%2Fwp%2Fv2%2Fcategories&post=27937"},{"taxonomy":"post_tag","embeddable":true,"href":"https:\/\/contraluzcucuta.co\/index.php?rest_route=%2Fwp%2Fv2%2Ftags&post=27937"}],"curies":[{"name":"wp","href":"https:\/\/api.w.org\/{rel}","templated":true}]}}