{"id":27934,"date":"2016-08-20T14:44:56","date_gmt":"2016-08-20T19:44:56","guid":{"rendered":"http:\/\/contraluzcucuta.co\/?p=27934"},"modified":"2016-08-20T14:44:56","modified_gmt":"2016-08-20T19:44:56","slug":"secretaria-de-salud-reduccion-de-dano-por-consumo-de-heroina-y-otras-drogas","status":"publish","type":"post","link":"https:\/\/contraluzcucuta.co\/?p=27934","title":{"rendered":"SECRETAR\u00cdA DE SALUD. \u00a0\u2018Reducci\u00f3n de da\u00f1o\u2019 por consumo de hero\u00edna y otras drogas"},"content":{"rendered":"<p><strong>C\u00daCUTA.-<\/strong> La Secretar\u00eda de Salud socializ\u00f3 la situaci\u00f3n de consumo de drogas inyectables drogas en el municipio. En cumplimiento del Plan Nacional de respuesta al consumo de hero\u00edna se desarroll\u00f3 la reuni\u00f3n intersectorial e interinstitucional, en la que se concretaron acciones de capacitaci\u00f3n, educaci\u00f3n, prevenci\u00f3n y recolecci\u00f3n de residuos biol\u00f3gicos.<\/p>\n<p>Las instituciones participantes actuaron con los ojos puestos en \u00a0en los beneficios para los cucute\u00f1os y en la erradicaci\u00f3n del problema. Tambi\u00e9n, revisaron los resultados de la estrategia \u2018Reducci\u00f3n de da\u00f1o\u201d, practicada mediante la prueba piloto en poblaci\u00f3n vulnerable que consume esas sustancias alucin\u00f3genas.<\/p>\n<p>La reuni\u00f3n cont\u00f3 con la vinculaci\u00f3n de actores claves en acciones de prevenci\u00f3n, mitigaci\u00f3n y reducci\u00f3n de da\u00f1os. Participaron la Secretar\u00eda de Seguridad Ciudadana, Aseo Urbano, fundaci\u00f3n Mis Consentidos, Instituto Departamental de Salud, Fonade, Hospital Mental Rudesindo Soto, Sijin, Polic\u00eda de Infancia y Adolescencia y Direcci\u00f3n de Antinarc\u00f3ticos. Estuvo liderada por las dimensiones de Derechos Sexuales, Reproductivos, Convivencia Social y Salud Mental de la Secretar\u00eda de Salud Municipal.<\/p>\n<p><strong>Foto: PRENSA ALCALD\u00cdA<\/strong><\/p>\n<p>&nbsp; <\/p>\n","protected":false},"excerpt":{"rendered":"<p>C\u00daCUTA.- La Secretar\u00eda de Salud socializ\u00f3 la situaci\u00f3n de consumo de drogas inyectables drogas en el municipio. En cumplimiento del Plan Nacional de respuesta al consumo de hero\u00edna se desarroll\u00f3 la reuni\u00f3n intersectorial e interinstitucional, en la que se concretaron acciones de capacitaci\u00f3n, educaci\u00f3n, prevenci\u00f3n y recolecci\u00f3n de residuos biol\u00f3gicos. Las instituciones participantes actuaron con &hellip;<\/p>\n","protected":false},"author":1,"featured_media":27935,"comment_status":"open","ping_status":"open","sticky":false,"template":"","format":"standard","meta":{"footnotes":""},"categories":[2625],"tags":[3161,1565],"class_list":["post-27934","post","type-post","status-publish","format-standard","has-post-thumbnail","hentry","category-alcaldia-de-cucuta","tag-consumo-de-heroina","tag-secretaria-de-salud-de-cucuta"],"_links":{"self":[{"href":"https:\/\/contraluzcucuta.co\/index.php?rest_route=\/wp\/v2\/posts\/27934","targetHints":{"allow":["GET"]}}],"collection":[{"href":"https:\/\/contraluzcucuta.co\/index.php?rest_route=\/wp\/v2\/posts"}],"about":[{"href":"https:\/\/contraluzcucuta.co\/index.php?rest_route=\/wp\/v2\/types\/post"}],"author":[{"embeddable":true,"href":"https:\/\/contraluzcucuta.co\/index.php?rest_route=\/wp\/v2\/users\/1"}],"replies":[{"embeddable":true,"href":"https:\/\/contraluzcucuta.co\/index.php?rest_route=%2Fwp%2Fv2%2Fcomments&post=27934"}],"version-history":[{"count":1,"href":"https:\/\/contraluzcucuta.co\/index.php?rest_route=\/wp\/v2\/posts\/27934\/revisions"}],"predecessor-version":[{"id":27936,"href":"https:\/\/contraluzcucuta.co\/index.php?rest_route=\/wp\/v2\/posts\/27934\/revisions\/27936"}],"wp:featuredmedia":[{"embeddable":true,"href":"https:\/\/contraluzcucuta.co\/index.php?rest_route=\/wp\/v2\/media\/27935"}],"wp:attachment":[{"href":"https:\/\/contraluzcucuta.co\/index.php?rest_route=%2Fwp%2Fv2%2Fmedia&parent=27934"}],"wp:term":[{"taxonomy":"category","embeddable":true,"href":"https:\/\/contraluzcucuta.co\/index.php?rest_route=%2Fwp%2Fv2%2Fcategories&post=27934"},{"taxonomy":"post_tag","embeddable":true,"href":"https:\/\/contraluzcucuta.co\/index.php?rest_route=%2Fwp%2Fv2%2Ftags&post=27934"}],"curies":[{"name":"wp","href":"https:\/\/api.w.org\/{rel}","templated":true}]}}