{"id":27912,"date":"2016-08-17T15:20:49","date_gmt":"2016-08-17T20:20:49","guid":{"rendered":"http:\/\/contraluzcucuta.co\/?p=27912"},"modified":"2016-08-17T15:20:49","modified_gmt":"2016-08-17T20:20:49","slug":"residencia-coral-2016-patiense-y-cucuteno-llamados-al-coro-de-colombia","status":"publish","type":"post","link":"https:\/\/contraluzcucuta.co\/?p=27912","title":{"rendered":"RESIDENCIA CORAL 2016. Patiense y cucute\u00f1o, \u00a0llamados al Coro de Colombia"},"content":{"rendered":"<p><strong>C\u00daCUTA.-<\/strong> Danna Gabriela Jaimes Caballero, de Los Patios, y Luis \u00c1ngelo Hormizda Guzm\u00e1n, de C\u00facuta, fueron seleccionados por Norte de Santander para hacer parte de la Residencia Coral 2016. El Ministerio de Cultura dio a conocer los nombres de los 100 ni\u00f1os y j\u00f3venes participantes de la actividad.<\/p>\n<p>Los escogidos, adem\u00e1s, participar\u00e1n en el Concierto Coro Infantil y Juvenil de Colombia, que se llevar\u00e1 a cabo del 11 al 21 de noviembre. El trabajo como coristas incluye talleres de formaci\u00f3n\u00a0 y preparaci\u00f3n del concierto conmemorativo.<\/p>\n<p>Jaimes y Hormizda se presentaron junto a otros 400 del resto del pa\u00eds, para hacer parte del proyecto. Los coros infantil y juvenil de Colombia contar\u00e1n con voces de 21 departamentos y 42 municipios. El objetivo es reconocer, dinamizar y fortalecer el movimiento coral colombiano, para facilitar un espacio de formaci\u00f3n, encuentro y producci\u00f3n art\u00edstica, con ocasi\u00f3n del D\u00eda \u2018Celebra la M\u00fasica\u2019.<\/p>\n<p>Al finalizar la preparaci\u00f3n los artistas presentar\u00e1n el gran concierto conmemorativo, el 20 de noviembre, a las 12:00 del d\u00eda, en el\u00a0 Teatro\u00a0 Col\u00f3n de Bogot\u00e1.<\/p>\n<p>Mediante estos proyectos, el Ministerio de Cultura le apuesta al prop\u00f3sito del Gobierno de:<\/p>\n<p>1.- Alcanzar la paz<\/p>\n<p>2.- Generar espacios para la restituci\u00f3n del tejido social de las comunidades<\/p>\n<p>3.- Promoci\u00f3n de la convivencia pac\u00edfica.<\/p>\n<p>Por medio del arte el joven entiende que el trabajo individual es fundamental para desarrollar una labor en equipo, como en una banda o en un grupo coral.<\/p>\n<p><strong>Foto: PRENSA GOBERNACI\u00d3N<\/strong><\/p>\n<p>&nbsp; <\/p>\n","protected":false},"excerpt":{"rendered":"<p>C\u00daCUTA.- Danna Gabriela Jaimes Caballero, de Los Patios, y Luis \u00c1ngelo Hormizda Guzm\u00e1n, de C\u00facuta, fueron seleccionados por Norte de Santander para hacer parte de la Residencia Coral 2016. El Ministerio de Cultura dio a conocer los nombres de los 100 ni\u00f1os y j\u00f3venes participantes de la actividad. Los escogidos, adem\u00e1s, participar\u00e1n en el Concierto &hellip;<\/p>\n","protected":false},"author":1,"featured_media":27913,"comment_status":"open","ping_status":"open","sticky":false,"template":"","format":"standard","meta":{"footnotes":""},"categories":[4,37,32],"tags":[3147,3148,658],"class_list":["post-27912","post","type-post","status-publish","format-standard","has-post-thumbnail","hentry","category-barra","category-paseo-cultural","category-recorrido-por-la-region","tag-concierto-coro-infantil","tag-coro-juvenil","tag-ministerio-de-cultura"],"_links":{"self":[{"href":"https:\/\/contraluzcucuta.co\/index.php?rest_route=\/wp\/v2\/posts\/27912","targetHints":{"allow":["GET"]}}],"collection":[{"href":"https:\/\/contraluzcucuta.co\/index.php?rest_route=\/wp\/v2\/posts"}],"about":[{"href":"https:\/\/contraluzcucuta.co\/index.php?rest_route=\/wp\/v2\/types\/post"}],"author":[{"embeddable":true,"href":"https:\/\/contraluzcucuta.co\/index.php?rest_route=\/wp\/v2\/users\/1"}],"replies":[{"embeddable":true,"href":"https:\/\/contraluzcucuta.co\/index.php?rest_route=%2Fwp%2Fv2%2Fcomments&post=27912"}],"version-history":[{"count":1,"href":"https:\/\/contraluzcucuta.co\/index.php?rest_route=\/wp\/v2\/posts\/27912\/revisions"}],"predecessor-version":[{"id":27914,"href":"https:\/\/contraluzcucuta.co\/index.php?rest_route=\/wp\/v2\/posts\/27912\/revisions\/27914"}],"wp:featuredmedia":[{"embeddable":true,"href":"https:\/\/contraluzcucuta.co\/index.php?rest_route=\/wp\/v2\/media\/27913"}],"wp:attachment":[{"href":"https:\/\/contraluzcucuta.co\/index.php?rest_route=%2Fwp%2Fv2%2Fmedia&parent=27912"}],"wp:term":[{"taxonomy":"category","embeddable":true,"href":"https:\/\/contraluzcucuta.co\/index.php?rest_route=%2Fwp%2Fv2%2Fcategories&post=27912"},{"taxonomy":"post_tag","embeddable":true,"href":"https:\/\/contraluzcucuta.co\/index.php?rest_route=%2Fwp%2Fv2%2Ftags&post=27912"}],"curies":[{"name":"wp","href":"https:\/\/api.w.org\/{rel}","templated":true}]}}