{"id":27909,"date":"2016-08-17T14:56:10","date_gmt":"2016-08-17T19:56:10","guid":{"rendered":"http:\/\/contraluzcucuta.co\/?p=27909"},"modified":"2016-08-17T14:56:10","modified_gmt":"2016-08-17T19:56:10","slug":"crisis-en-venezuela-el-hambre-de-la-clase-media","status":"publish","type":"post","link":"https:\/\/contraluzcucuta.co\/?p=27909","title":{"rendered":"CRISIS EN VENEZUELA. El hambre de la clase media"},"content":{"rendered":"<p><strong>CIUDAD GUAYANA \u2013 Venezuela.\u2014<\/strong> Hace poco pasaba el rato con algunos vecinos en el pasillo. Vivimos en uno de los edificios color turquesa de un complejo comercial-residencial en la parte noreste de la ciudad; se supone que son un modelo de desarrollo urbano.<\/p>\n<p>Decidimos hacer t\u00e9 combinando los recursos de nuestros cuatro apartamentos. No pudimos reunir suficiente az\u00facar. Alguien ten\u00eda pi\u00f1as congeladas y c\u00e1scaras de maracuy\u00e1. Alguien m\u00e1s hirvi\u00f3 agua.<\/p>\n<p>Todos trajeron su propia taza, cada una con un dise\u00f1o diferente. La m\u00eda, con la imagen de una vaca, era la m\u00e1s fea. Nos sentamos afuera, en el suelo del pasillo, bajo la sombra de un gran \u00e1rbol de mangos.<\/p>\n<p>La infusi\u00f3n era sorprendentemente sabrosa tomando en cuenta los ingredientes. Manuel, uno de los chicos, dijo: \u201cS\u00ed, y ayuda un poco con el hambre\u201d. Es estudiante de derecho y el m\u00e1s joven del grupo. Sol\u00eda ser musculoso.<\/p>\n<p>Mi hermano, un abogado que alguna vez tuvo papada, asinti\u00f3. \u201cNi siquiera tenemos mangos para completar la cena\u201d, dijo. Me volte\u00e9 para ver el \u00e1rbol. Vivimos en el tercer piso, as\u00ed que siempre hemos podido agarrar las frutas m\u00e1s altas con bastante facilidad. Cuando es temporada, generalmente se desperdician, pero este a\u00f1o el \u00e1rbol ya no tiene mangos.<\/p>\n<p>\u201cEs mejor irse a dormir para no sentir hambre\u201d, dijo Mar\u00eda, una abogada que se fue a Espa\u00f1a como migrante indocumentada y trabaj\u00f3 en un restaurante, pero regres\u00f3 despu\u00e9s de dos meses, horrorizada por las condiciones de trabajo. \u201cSi haces eso, terminar\u00e1s so\u00f1ando con comida\u201d, le dije.<\/p>\n<p>Lo dec\u00eda por experiencia. Mientras tomaba otro trago de t\u00e9, pens\u00e9 en aquella vez que despu\u00e9s de ver un episodio de Game of Thrones so\u00f1\u00e9 con un fest\u00edn medieval donde hab\u00eda un gran cerdo en medio de la mesa, varios pasteles e hidromiel. En otras ocasiones, so\u00f1\u00e9 con un supermercado lleno de productos. Eso suele suceder despu\u00e9s de que paso todo un d\u00eda formado bajo el sol ante una tienda, esperando que llegue un cami\u00f3n repartidor.<\/p>\n<p>Desde hace unos a\u00f1os el caf\u00e9 y la leche se volvieron lujos para m\u00ed, pero la escasez verdaderamente aterradora \u2014de cosas como pan y pollo\u2014 lleg\u00f3 a mi hogar de clase media a principios de este a\u00f1o. Hubo una semana en la que tuve que cepillarme los dientes con sal.<\/p>\n<p>Nueve de cada diez venezolanos ya no pueden comprar suficiente comida, seg\u00fan un estudio realizado por la Universidad Sim\u00f3n Bol\u00edvar. El FMI ha estimado que la inflaci\u00f3n superar\u00e1 el 700 por ciento este a\u00f1o.<\/p>\n<p>Hablamos sobre las personas que est\u00e1n adelgazando. La lista era larga. En ese momento me di cuenta del rev\u00e9s que significaba eso\u2026 c\u00f3mo ser gordo volv\u00eda a ser un signo de riqueza. Detectar al burgu\u00e9s parasitario jam\u00e1s ha sido tan f\u00e1cil.<\/p>\n<p>Los burgueses, los adinerados y el sector privado son los grupos a los que el presidente Nicol\u00e1s Maduro culpa por la recesi\u00f3n en Venezuela. Sin embargo, lo que nos ha llevado a la ruina son los a\u00f1os de mala gesti\u00f3n econ\u00f3mica bajo su cargo y la revoluci\u00f3n socialista de Hugo Ch\u00e1vez.<\/p>\n<p>Daniel, un estudiante de ingenier\u00eda que planea irse del pa\u00eds tan pronto obtenga su t\u00edtulo, mencion\u00f3 a la anciana que vende ma\u00edz y harina frente a nuestro edificio. Sus precios suben cada semana. Ella tambi\u00e9n est\u00e1 adelgazando. Daniel dijo que la vio tratando de atrapar palomas. Despu\u00e9s seguir\u00e1n los perros, respond\u00ed.<\/p>\n<p>Mar\u00eda dijo que lo peor es cuando termina su rutina de correr. Yo s\u00e9 qu\u00e9 se siente porque ya dej\u00e9 de hacer ejercicio. Tambi\u00e9n compartimos otras estrategias para lidiar con el hambre, como despertar tarde \u2014medio en broma, pues solo los ni\u00f1os ricos que no tienen la necesidad de trabajar pueden permitirse eso\u2014. Acordamos que nuestra mejor esperanza, de verdad, es la Organizaci\u00f3n de los Estados Americanos y su Carta Democr\u00e1tica.<\/p>\n<p>Las noticias de la crisis en Venezuela se han extendido tanto que la OEA, un bloque conformado por la mayor\u00eda de los pa\u00edses de Am\u00e9rica, ha estado hablando sobre qu\u00e9 hacer con nosotros. En verdad nadie cree que el progreso de la iniciativa de la oposici\u00f3n venezolana para destituir a Maduro mediante un referendo vaya a tener \u00e9xito.<\/p>\n<p>\u201c\u00bfEscuchaste lo que dijo Almagro?\u201d. Luis Almagro es el secretario general de la OEA. \u00c9l ha culpado a Maduro por la crisis y ha pedido que la OEA considere tomar las medidas necesarias para \u201crestaurar las instituciones democr\u00e1ticas\u201d en Venezuela.<\/p>\n<p>\u201cS\u00ed, parece que han invocado la carta\u201d. Seg\u00fan la carta, la OEA puede suspender a un Estado miembro que no logre preservar el orden democr\u00e1tico. Almagro parece estar esperando que esta amenaza convenza al gobierno de Maduro para que acepten ayuda humanitaria del extranjero, algo que ha descartado con anticipaci\u00f3n.<\/p>\n<p>Me doy cuenta de que estos procesos democr\u00e1ticos pueden tardar meses: es todo un continente el que trata de encontrar el consenso en torno a un tema complicado. Pero Manuel, Daniel, Mar\u00eda, mi hermano y yo, todas personas que intentan ser profesionales o ya lo somos, no sabemos qu\u00e9 carajo comeremos ma\u00f1ana. Lo l\u00f3gico ser\u00eda pensar que estos diplom\u00e1ticos comenzar\u00edan a juntar dos sesiones en un solo d\u00eda o algo as\u00ed. Apres\u00farense, chicos de la OEA, tenemos hambre.<\/p>\n<p><strong>CARLOS HERN\u00c1NDEZ<\/strong><\/p>\n<p><strong>Economista y escritor venezolano<\/strong><\/p>\n<p><strong>Foto: Federico Parra\/Agence France-Presse \u2014 Getty Images<\/strong><\/p>\n<p><a href=\"http:\/\/www.nytimes.com\"><strong>www.nytimes.com<\/strong><\/a> <\/p>\n","protected":false},"excerpt":{"rendered":"<p>CIUDAD GUAYANA \u2013 Venezuela.\u2014 Hace poco pasaba el rato con algunos vecinos en el pasillo. Vivimos en uno de los edificios color turquesa de un complejo comercial-residencial en la parte noreste de la ciudad; se supone que son un modelo de desarrollo urbano. Decidimos hacer t\u00e9 combinando los recursos de nuestros cuatro apartamentos. No pudimos &hellip;<\/p>\n","protected":false},"author":1,"featured_media":27910,"comment_status":"open","ping_status":"open","sticky":false,"template":"","format":"standard","meta":{"footnotes":""},"categories":[1326,4,36,39],"tags":[1164,3146],"class_list":["post-27909","post","type-post","status-publish","format-standard","has-post-thumbnail","hentry","category-crisis-en-venezuela-2","category-barra","category-la-voz-del-pueblo","category-miradas-ajenas","tag-crisis-en-venezuela","tag-nytimes"],"_links":{"self":[{"href":"https:\/\/contraluzcucuta.co\/index.php?rest_route=\/wp\/v2\/posts\/27909","targetHints":{"allow":["GET"]}}],"collection":[{"href":"https:\/\/contraluzcucuta.co\/index.php?rest_route=\/wp\/v2\/posts"}],"about":[{"href":"https:\/\/contraluzcucuta.co\/index.php?rest_route=\/wp\/v2\/types\/post"}],"author":[{"embeddable":true,"href":"https:\/\/contraluzcucuta.co\/index.php?rest_route=\/wp\/v2\/users\/1"}],"replies":[{"embeddable":true,"href":"https:\/\/contraluzcucuta.co\/index.php?rest_route=%2Fwp%2Fv2%2Fcomments&post=27909"}],"version-history":[{"count":1,"href":"https:\/\/contraluzcucuta.co\/index.php?rest_route=\/wp\/v2\/posts\/27909\/revisions"}],"predecessor-version":[{"id":27911,"href":"https:\/\/contraluzcucuta.co\/index.php?rest_route=\/wp\/v2\/posts\/27909\/revisions\/27911"}],"wp:featuredmedia":[{"embeddable":true,"href":"https:\/\/contraluzcucuta.co\/index.php?rest_route=\/wp\/v2\/media\/27910"}],"wp:attachment":[{"href":"https:\/\/contraluzcucuta.co\/index.php?rest_route=%2Fwp%2Fv2%2Fmedia&parent=27909"}],"wp:term":[{"taxonomy":"category","embeddable":true,"href":"https:\/\/contraluzcucuta.co\/index.php?rest_route=%2Fwp%2Fv2%2Fcategories&post=27909"},{"taxonomy":"post_tag","embeddable":true,"href":"https:\/\/contraluzcucuta.co\/index.php?rest_route=%2Fwp%2Fv2%2Ftags&post=27909"}],"curies":[{"name":"wp","href":"https:\/\/api.w.org\/{rel}","templated":true}]}}