{"id":27903,"date":"2016-08-15T21:12:06","date_gmt":"2016-08-16T02:12:06","guid":{"rendered":"http:\/\/contraluzcucuta.co\/?p=27903"},"modified":"2016-08-15T21:12:06","modified_gmt":"2016-08-16T02:12:06","slug":"comunidad-gobierno-van-100-calles-pavimentadas-en-cucuta","status":"publish","type":"post","link":"https:\/\/contraluzcucuta.co\/?p=27903","title":{"rendered":"COMUNIDAD \u2013 GOBIERNO. Van 100 calles pavimentadas en c\u00facuta"},"content":{"rendered":"<p><strong>C\u00daCUTA.- <\/strong>El alcalde C\u00e9sar Rojas visit\u00f3 los barrios, Belisario, 13 de Mayo y Nuevo Horizonte, para inaugurar 13 calles. As\u00ed se cumple con las primeras 100 recuperadas mediante el programa Comunidad-Gobierno.<\/p>\n<p>\u201cEstamos contentos de ver c\u00f3mo cambia la calidad de vida de los habitantes de estos sectores. El acceso es m\u00e1s f\u00e1cil. Nos llenamos de satisfacci\u00f3n al contribuir con obras de calidad\u201d, dijo el Alcalde.<\/p>\n<p>La Alcald\u00eda de C\u00facuta le apuesta al cambio con obras de infraestructura e invit\u00f3 a la comunidad a mantener las buenas costumbres del pago de impuestos. Los recursos permiten:<\/p>\n<p>1.- Hacer realidad la inversi\u00f3n en la malla vial<\/p>\n<p>2.- Recuperaci\u00f3n de pasos peatonales<\/p>\n<p>3.- Intervenci\u00f3n de puentes<\/p>\n<p>4.- Programa de bacheo.<\/p>\n<p>A la fecha avanzan m\u00e1s de 430 frentes de trabajo. L\u00edderes comunitarios\u00a0 reciben el suministro y la maquinaria para adecuar el terreno, adem\u00e1s del acompa\u00f1amiento de la interventor\u00eda e ingenieros del programa Comunidad-Gobierno, que aseguran la calidad de trabajo en cada sector donde se planifica esta estrategia.<\/p>\n<p>El secretario de infraestructura Yonny Pascual Contreras expres\u00f3 que \u201catendemos las inquietudes y a donde existan inconvenientes de movilidad por el mal estado de las v\u00edas all\u00e1 estaremos, para acompa\u00f1ar y buscar soluciones a los problemas que aquejan a los m\u00e1s de 240 barrios de C\u00facuta en materia de infraestructura.<\/p>\n<p><strong>Foto: PRENSA ALCALD\u00cdA<\/strong><\/p>\n<p>&nbsp;<\/p>\n<p>&nbsp; <\/p>\n","protected":false},"excerpt":{"rendered":"<p>C\u00daCUTA.- El alcalde C\u00e9sar Rojas visit\u00f3 los barrios, Belisario, 13 de Mayo y Nuevo Horizonte, para inaugurar 13 calles. As\u00ed se cumple con las primeras 100 recuperadas mediante el programa Comunidad-Gobierno. \u201cEstamos contentos de ver c\u00f3mo cambia la calidad de vida de los habitantes de estos sectores. El acceso es m\u00e1s f\u00e1cil. Nos llenamos de &hellip;<\/p>\n","protected":false},"author":1,"featured_media":27904,"comment_status":"open","ping_status":"open","sticky":false,"template":"","format":"standard","meta":{"footnotes":""},"categories":[2625],"tags":[2733,226,2924],"class_list":["post-27903","post","type-post","status-publish","format-standard","has-post-thumbnail","hentry","category-alcaldia-de-cucuta","tag-alcalde-cesar-rojas","tag-alcaldia-de-cucuta","tag-programa-comunidad-gobierno"],"_links":{"self":[{"href":"https:\/\/contraluzcucuta.co\/index.php?rest_route=\/wp\/v2\/posts\/27903","targetHints":{"allow":["GET"]}}],"collection":[{"href":"https:\/\/contraluzcucuta.co\/index.php?rest_route=\/wp\/v2\/posts"}],"about":[{"href":"https:\/\/contraluzcucuta.co\/index.php?rest_route=\/wp\/v2\/types\/post"}],"author":[{"embeddable":true,"href":"https:\/\/contraluzcucuta.co\/index.php?rest_route=\/wp\/v2\/users\/1"}],"replies":[{"embeddable":true,"href":"https:\/\/contraluzcucuta.co\/index.php?rest_route=%2Fwp%2Fv2%2Fcomments&post=27903"}],"version-history":[{"count":1,"href":"https:\/\/contraluzcucuta.co\/index.php?rest_route=\/wp\/v2\/posts\/27903\/revisions"}],"predecessor-version":[{"id":27905,"href":"https:\/\/contraluzcucuta.co\/index.php?rest_route=\/wp\/v2\/posts\/27903\/revisions\/27905"}],"wp:featuredmedia":[{"embeddable":true,"href":"https:\/\/contraluzcucuta.co\/index.php?rest_route=\/wp\/v2\/media\/27904"}],"wp:attachment":[{"href":"https:\/\/contraluzcucuta.co\/index.php?rest_route=%2Fwp%2Fv2%2Fmedia&parent=27903"}],"wp:term":[{"taxonomy":"category","embeddable":true,"href":"https:\/\/contraluzcucuta.co\/index.php?rest_route=%2Fwp%2Fv2%2Fcategories&post=27903"},{"taxonomy":"post_tag","embeddable":true,"href":"https:\/\/contraluzcucuta.co\/index.php?rest_route=%2Fwp%2Fv2%2Ftags&post=27903"}],"curies":[{"name":"wp","href":"https:\/\/api.w.org\/{rel}","templated":true}]}}