{"id":27895,"date":"2016-08-15T18:15:33","date_gmt":"2016-08-15T23:15:33","guid":{"rendered":"http:\/\/contraluzcucuta.co\/?p=27895"},"modified":"2016-08-15T18:15:33","modified_gmt":"2016-08-15T23:15:33","slug":"para-reflexionar-si-o-no-seguro-sera-lo-que-dios-quiere-que-sea","status":"publish","type":"post","link":"https:\/\/contraluzcucuta.co\/?p=27895","title":{"rendered":"PARA REFLEXIONAR. S\u00cd o NO, seguro ser\u00e1 lo que Dios quiere que sea"},"content":{"rendered":"<p>Si se pregunta de manera espont\u00e1nea a un colombiano \u00bfqu\u00e9 opina de los pol\u00edticos? seguro que un porcentaje\u00a0 mayoritario va expresar su rechazo a los mismos. Muchos los tildar\u00e1n de corruptos y perezosos. Las personas identifican al pol\u00edtico con congresistas, diputados y concejales. Hoy, con raz\u00f3n del proceso de paz, han aparecido otros calificativos. Si se est\u00e1 con el NO, entonces son \u2018furibistas\u2019, \u2018paracos\u2019 y enemigos de la paz. Si por el contrario se est\u00e1 con el S\u00cd, los calificativos son m\u00e1s numerosos: santista, comunistas, castrochavistas y vende patria, entre otros.<\/p>\n<p>Esta polarizaci\u00f3n del pa\u00eds es muy grave. Los colombianos, f\u00e1cilmente, olvidan lazos de amistad, e incluso, de familiaridad,\u00a0 para lanzar cualquier calificativo de los antes mencionados si el contertulio no se identifica con nuestra posici\u00f3n.<\/p>\n<p>\u00bfCu\u00e1l es la raz\u00f3n que nos llev\u00f3 a tan detestable polarizaci\u00f3n? Sin duda, el terror que les tenemos a las Farc y las Auc por su actuar delictivo. La identificaci\u00f3n de los primeros con el comunismo y de los segundos con la extrema derecha es el combustible que alimenta la polarizaci\u00f3n de forma transversal.\u00a0 Cada uno utiliza ese sentimiento de odio y miedo para defender su posici\u00f3n, lo que sin lugar a dudas vicia cualquier posibilidad de opini\u00f3n sensata, objetiva, responsable y respetuosa.<\/p>\n<p>Debemos aprender a o\u00edr, es lo primero, sin posturas hegem\u00f3nicas,\u00a0 desprendi\u00e9ndonos de nuestra posici\u00f3n por un momento para poder aceptar que puede existir as\u00ed sea una m\u00ednima raz\u00f3n en la tesis contraria, y de no haberla, la sola condici\u00f3n de persona sujeta de derechos nos debe obligar a respetar su posici\u00f3n por descabellada que parezca. Otra cosa es compartirla.<\/p>\n<p>Hoy, muchas personas que no han hecho ni har\u00e1n pol\u00edtica en la forma descrita, reciben estos calificativos solo por su posici\u00f3n frente al proceso de paz. La paz es un derecho de rango constitucional de los colombianos. Su b\u00fasqueda es una obligaci\u00f3n que le asiste al Gobierno. Dejemos el temor, d\u00e9mosle la oportunidad a la democracia. No es agrediendo e insultando como se logra convencer a favor del S\u00cd o del NO, ni es impidi\u00e9ndole que\u00a0 participe en el proceso pol\u00edtico colombiano como se va derrotar pol\u00edticamente a las Farc.\u00a0 Por el contrario, es en el pleno ejercicio de la democracia, es con votos.<\/p>\n<p>Este proceso me est\u00e1 dejando importantes lecciones. La m\u00e1s importante, que requiero mayor tolerancia. Un llamado para cristianos, evang\u00e9licos, cat\u00f3licos, adventistas y todos los que creen en Cristo, trabajemos cada uno desde nuestra acera, la meta es una sola, la PAZ. Cada uno desde nuestro and\u00e9n avancemos con fe y esperanza, y que gane la tesis que m\u00e1s le convenga a Colombia. Seguro ser\u00e1 la que Dios quiere que sea.<\/p>\n<p><strong>RAFAEL C\u00c1CERES N\u00da\u00d1EZ<\/strong><\/p>\n<p><strong><a href=\"https:\/\/www.facebook.com\/rafa.caceres.nunez?fref=ts\">https:\/\/www.facebook.com\/rafa.caceres.nunez?fref=ts<\/a><\/strong><\/p>\n<p><strong>Foto: hsbnoticias.com<\/strong><\/p>\n<p><strong>\u00a0<\/strong> <\/p>\n","protected":false},"excerpt":{"rendered":"<p>Si se pregunta de manera espont\u00e1nea a un colombiano \u00bfqu\u00e9 opina de los pol\u00edticos? seguro que un porcentaje\u00a0 mayoritario va expresar su rechazo a los mismos. Muchos los tildar\u00e1n de corruptos y perezosos. Las personas identifican al pol\u00edtico con congresistas, diputados y concejales. Hoy, con raz\u00f3n del proceso de paz, han aparecido otros calificativos. Si &hellip;<\/p>\n","protected":false},"author":1,"featured_media":27896,"comment_status":"open","ping_status":"open","sticky":false,"template":"","format":"standard","meta":{"footnotes":""},"categories":[14,4],"tags":[1978,502,3144],"class_list":["post-27895","post","type-post","status-publish","format-standard","has-post-thumbnail","hentry","category-articulistas","category-barra","tag-paz-en-colombia","tag-proceso-de-paz-en-colombia","tag-rafael-caceres-nunez"],"_links":{"self":[{"href":"https:\/\/contraluzcucuta.co\/index.php?rest_route=\/wp\/v2\/posts\/27895","targetHints":{"allow":["GET"]}}],"collection":[{"href":"https:\/\/contraluzcucuta.co\/index.php?rest_route=\/wp\/v2\/posts"}],"about":[{"href":"https:\/\/contraluzcucuta.co\/index.php?rest_route=\/wp\/v2\/types\/post"}],"author":[{"embeddable":true,"href":"https:\/\/contraluzcucuta.co\/index.php?rest_route=\/wp\/v2\/users\/1"}],"replies":[{"embeddable":true,"href":"https:\/\/contraluzcucuta.co\/index.php?rest_route=%2Fwp%2Fv2%2Fcomments&post=27895"}],"version-history":[{"count":1,"href":"https:\/\/contraluzcucuta.co\/index.php?rest_route=\/wp\/v2\/posts\/27895\/revisions"}],"predecessor-version":[{"id":27897,"href":"https:\/\/contraluzcucuta.co\/index.php?rest_route=\/wp\/v2\/posts\/27895\/revisions\/27897"}],"wp:featuredmedia":[{"embeddable":true,"href":"https:\/\/contraluzcucuta.co\/index.php?rest_route=\/wp\/v2\/media\/27896"}],"wp:attachment":[{"href":"https:\/\/contraluzcucuta.co\/index.php?rest_route=%2Fwp%2Fv2%2Fmedia&parent=27895"}],"wp:term":[{"taxonomy":"category","embeddable":true,"href":"https:\/\/contraluzcucuta.co\/index.php?rest_route=%2Fwp%2Fv2%2Fcategories&post=27895"},{"taxonomy":"post_tag","embeddable":true,"href":"https:\/\/contraluzcucuta.co\/index.php?rest_route=%2Fwp%2Fv2%2Ftags&post=27895"}],"curies":[{"name":"wp","href":"https:\/\/api.w.org\/{rel}","templated":true}]}}