{"id":27886,"date":"2016-08-15T16:30:28","date_gmt":"2016-08-15T21:30:28","guid":{"rendered":"http:\/\/contraluzcucuta.co\/?p=27886"},"modified":"2016-08-15T16:30:28","modified_gmt":"2016-08-15T21:30:28","slug":"notas-al-margen-que-debe-seguir-para-el-desarrollo-de-la-frontera","status":"publish","type":"post","link":"https:\/\/contraluzcucuta.co\/?p=27886","title":{"rendered":"NOTAS AL MARGEN. \u00bfQu\u00e9 debe seguir para el desarrollo de la frontera?"},"content":{"rendered":"<p>1.- Todo lo que se viene procesando, en cuanto al tr\u00e1fico\u00a0 y presencia humana en las zonas fronterizas, necesaria e irrenunciablemente, tiene que ir paralelo a la b\u00fasqueda y establecimiento de acuerdos\u00a0 y entendimientos bilaterales en procura\u00a0 de fuentes de trabajo, investigaci\u00f3n universitaria y en centros de estudio, \u00a0programas \u00a0en capacitaci\u00f3n, mejoramiento\u00a0 de los servicios b\u00e1sicos e infraestructurales, con aplicaci\u00f3n de incentivos, est\u00edmulos y mecanismos que propendan por el aprovechamiento de las ventajas comparativas y la ubicaci\u00f3n geoestrat\u00e9gica para impulsar y lograr inversiones, asistencias y apoyos institucionales en lo social, econ\u00f3mico y pol\u00edtico, habida conmiseraci\u00f3n que la vivencia fronteriza es de gran importancia y ejemplo internacional, si logra conjugar\u00a0 la participaci\u00f3n\u00a0\u00a0 integracionista, como desarrollo\u00a0 y conjugaci\u00f3n entre los pueblos.<\/p>\n<p>2.- S\u00ed, lo que debe ser -de\u00a0 aut\u00e9ntico inter\u00e9s y permanente atenci\u00f3n- es todo cuanto prosigue, porque si se descuida, relega o no se valora y eval\u00faa lo que es y representa la fraternidad y la coordinaci\u00f3n de empe\u00f1os y prop\u00f3sitos sobre gestiones que requieren y ameritan el respaldo de los organismos de mayor poder y representatividad, tanto en lo Legislativo, como en lo Ejecutivo y lo Judicial, es seguir pensando tan solo en el beneficio individual y parcial de unas diferencias cambiarias, monetarias o de mayor y menor producci\u00f3n y valor, cuando lo esencial es promover v\u00ednculos y compromisos con una visi\u00f3n de futuro general o colectiva y creando fuentes sustentadas de trabajo, para as\u00ed auxiliar y respaldar a las miles de personas que permanentemente caen en la informalidad, el desempleo y el facilismo del\u00a0 rebusque, porque no hallan seguridades, ni puntos de apoyo para su accionar no solo personal, sino familiar.<\/p>\n<p>3.- Es conveniente y necesario destacar lo anterior, para evitar la continuidad de lo mismo y la ausencia de acciones, conductas y correctivos que analicen tanto la variedad como la multiplicidad de factores y situaciones que deben estructurarse para que la improvisaci\u00f3n\u00a0 o una no examinada relaci\u00f3n de hechos, decisiones o silencios fraccionen y debiliten la armon\u00eda y la confianza. Y sin que lo anterior signifique intromisiones indebidas o equivocadas concepciones en el manejo de los destinos de cada naci\u00f3n o Estado.<\/p>\n<p>Hay iniciativas en camino &#8211; porque han sido propuestas y\u00a0 est\u00e1n en estudio, sobre mesas de trabajo- en relaci\u00f3n con parques industriales y tecnol\u00f3gicos, Zonas Francas Especializadas, Zona Aduanera para maquilas, Banco de Fomento Colombo Venezolano \u2013 con participaci\u00f3n de los Bancos Centrales de cada pa\u00eds, el Banco Interamericano de Desarrollo (BID), la Corporaci\u00f3n Andina de Fomento (CAF) y\u00a0\u00a0 empresarios y cambistas, como accionistas, de uno y otro lado de la frontera para la conformaci\u00f3n de un Banco de Fomento, como le urge a estas fajas territoriales que ans\u00edan progreso.<\/p>\n<p>\u00bfC\u00f3mo dar aliento a estos\u00a0 prop\u00f3sitos de trasformaci\u00f3n, renovaci\u00f3n y cambio? Promoviendo, constituyendo y dando paso &#8211; con presencia y participaci\u00f3n de aut\u00e9nticos y verdaderos\u00a0 voceros representativos de cada naci\u00f3n\u00a0 y zona \u2013 a la Comisi\u00f3n Extraordinaria y Especial Fronteriza Binacional. Y creando, con precisos objetivos y auxiliares, el Ministerio de Fronteras, que velar\u00eda por su accionar y desarrollos.<\/p>\n<p><strong>JOS\u00c9 NEIRA REY<\/strong><\/p>\n<p><strong><a href=\"mailto:jneirarey@hotmail.com\">jneirarey@hotmail.com<\/a><\/strong><\/p>\n<p><strong>Foto: <a href=\"http:\/\/www.contraluzcucuta.co\">www.contraluzcucuta.co<\/a><\/strong><\/p>\n<p>&nbsp; <\/p>\n","protected":false},"excerpt":{"rendered":"<p>1.- Todo lo que se viene procesando, en cuanto al tr\u00e1fico\u00a0 y presencia humana en las zonas fronterizas, necesaria e irrenunciablemente, tiene que ir paralelo a la b\u00fasqueda y establecimiento de acuerdos\u00a0 y entendimientos bilaterales en procura\u00a0 de fuentes de trabajo, investigaci\u00f3n universitaria y en centros de estudio, \u00a0programas \u00a0en capacitaci\u00f3n, mejoramiento\u00a0 de los servicios &hellip;<\/p>\n","protected":false},"author":1,"featured_media":27887,"comment_status":"open","ping_status":"open","sticky":false,"template":"","format":"standard","meta":{"footnotes":""},"categories":[14,4],"tags":[2749,2483,382,956],"class_list":["post-27886","post","type-post","status-publish","format-standard","has-post-thumbnail","hentry","category-articulistas","category-barra","tag-articulistas-contraluz","tag-crisis-en-la-frontera","tag-jose-neira","tag-notas-al-margen"],"_links":{"self":[{"href":"https:\/\/contraluzcucuta.co\/index.php?rest_route=\/wp\/v2\/posts\/27886","targetHints":{"allow":["GET"]}}],"collection":[{"href":"https:\/\/contraluzcucuta.co\/index.php?rest_route=\/wp\/v2\/posts"}],"about":[{"href":"https:\/\/contraluzcucuta.co\/index.php?rest_route=\/wp\/v2\/types\/post"}],"author":[{"embeddable":true,"href":"https:\/\/contraluzcucuta.co\/index.php?rest_route=\/wp\/v2\/users\/1"}],"replies":[{"embeddable":true,"href":"https:\/\/contraluzcucuta.co\/index.php?rest_route=%2Fwp%2Fv2%2Fcomments&post=27886"}],"version-history":[{"count":1,"href":"https:\/\/contraluzcucuta.co\/index.php?rest_route=\/wp\/v2\/posts\/27886\/revisions"}],"predecessor-version":[{"id":27888,"href":"https:\/\/contraluzcucuta.co\/index.php?rest_route=\/wp\/v2\/posts\/27886\/revisions\/27888"}],"wp:featuredmedia":[{"embeddable":true,"href":"https:\/\/contraluzcucuta.co\/index.php?rest_route=\/wp\/v2\/media\/27887"}],"wp:attachment":[{"href":"https:\/\/contraluzcucuta.co\/index.php?rest_route=%2Fwp%2Fv2%2Fmedia&parent=27886"}],"wp:term":[{"taxonomy":"category","embeddable":true,"href":"https:\/\/contraluzcucuta.co\/index.php?rest_route=%2Fwp%2Fv2%2Fcategories&post=27886"},{"taxonomy":"post_tag","embeddable":true,"href":"https:\/\/contraluzcucuta.co\/index.php?rest_route=%2Fwp%2Fv2%2Ftags&post=27886"}],"curies":[{"name":"wp","href":"https:\/\/api.w.org\/{rel}","templated":true}]}}