{"id":27883,"date":"2016-08-15T16:05:39","date_gmt":"2016-08-15T21:05:39","guid":{"rendered":"http:\/\/contraluzcucuta.co\/?p=27883"},"modified":"2016-08-15T16:05:39","modified_gmt":"2016-08-15T21:05:39","slug":"futbol-de-segunda-cucuta-deportivo-enfrenta-union-magdalena","status":"publish","type":"post","link":"https:\/\/contraluzcucuta.co\/?p=27883","title":{"rendered":"F\u00daTBOL DE SEGUNDA. C\u00facuta Deportivo enfrenta a Uni\u00f3n Magdalena"},"content":{"rendered":"<p>C\u00facuta, con 34 puntos luego de 22 partidos jugados, de los que ha ganado 10, ocupa la sexta casilla en la tabla del Torneo de la Segunda Divisi\u00f3n del f\u00fatbol profesional colombiano. Este martes, los motilones enfrentar\u00e1n a Uni\u00f3n Magdalena, 14 en la clasificaci\u00f3n con 24 puntos. El partido se jugar\u00e1 en el estadio General Santander, a las 7:45 de la noche.<\/p>\n<p>La Comisi\u00f3n Local de Seguridad, Comodidad y Convivencia en el F\u00fatbol \u00a0determin\u00f3 que se abrir\u00e1n las localidades de Sur y Occidental, se permitir\u00e1 el ingreso de aficionados a partir de los 7 a\u00f1os. Los ni\u00f1os deben ir acompa\u00f1ados de un adulto y presentar la respectiva boleta. En \u00a0la tribuna Sur, desde los 14 a\u00f1os.<\/p>\n<p>El profesor Miguel Augusto Prince convoc\u00f3 a los siguientes jugadores:<\/p>\n<p>Sergio Avellaneda, Diego Mart\u00ednez, Jos\u00e9 Ram\u00edrez, Darwin Carrero, Julio Murillo, Jonathan P\u00e9rez, Mauricio Duarte, Carlos Gallego, V\u00edctor Asprilla,<\/p>\n<p>Mart\u00edn Palisi, James Castro, Jefferson Murillo, Jhon Ram\u00edrez, Juan Carlos Pereira, Brayan Lucum\u00ed, Fabi\u00e1n Mena, Jonathan Palacios y Diego Echeverri.<\/p>\n<p>El once rojinegro, en la \u00faltima presentaci\u00f3n en condici\u00f3n de local, perdi\u00f3 ante Equidad (3-1) en la segunda vuelta de la Copa Colombia. La escasa asistencia es una de las constantes en cada presentaci\u00f3n del equipo en casa.<\/p>\n<p>Otras determinaciones de la Comisi\u00f3n de Seguridad son las siguientes:<\/p>\n<p>1.- El ingreso de hinchas ser\u00e1 a partir de la 5:45 de la tarde.<\/p>\n<p>2.- Las barras del C\u00facuta Deportivo podr\u00e1n llevar trapos, banderas sin astas, sombrillas pl\u00e1sticas, globos, e instrumentos.<\/p>\n<p>3.- Est\u00e1 prohibido el ingreso al estadio de mujeres en embarazo y ni\u00f1os menores de 7 a\u00f1os.<\/p>\n<p>4.- El ingreso de vendedores ser\u00e1 por el port\u00f3n sur, a partir de las 5:00 de la tarde y deben ir con su respectivo carn\u00e9.<\/p>\n<p>5.- Est\u00e1 prohibido el uso de p\u00f3lvora, portar objetos corto punzantes, armas blancas, alcohol y chapas de correa.<\/p>\n<p>6.- Los aficionados que se presenten en estado de embriaguez o con evidencias de haber consumido sustancias psicotr\u00f3picas no podr\u00e1n ingresar al estadio.<\/p>\n<p><strong>Foto: <a href=\"http:\/\/www.facebook.com\/Cucutaoficial\/\">www.facebook.com\/Cucutaoficial\/<\/a><\/strong><\/p>\n<p>&nbsp; <\/p>\n","protected":false},"excerpt":{"rendered":"<p>C\u00facuta, con 34 puntos luego de 22 partidos jugados, de los que ha ganado 10, ocupa la sexta casilla en la tabla del Torneo de la Segunda Divisi\u00f3n del f\u00fatbol profesional colombiano. Este martes, los motilones enfrentar\u00e1n a Uni\u00f3n Magdalena, 14 en la clasificaci\u00f3n con 24 puntos. El partido se jugar\u00e1 en el estadio General &hellip;<\/p>\n","protected":false},"author":1,"featured_media":27884,"comment_status":"open","ping_status":"open","sticky":false,"template":"","format":"standard","meta":{"footnotes":""},"categories":[28],"tags":[2628,1396,1166,301,3138],"class_list":["post-27883","post","type-post","status-publish","format-standard","has-post-thumbnail","hentry","category-vistazo-deportivo","tag-cucuta-deportivo-2016","tag-dimayor","tag-estadio-general-santander","tag-futbol-profesional-colombiano","tag-union-magdalena"],"_links":{"self":[{"href":"https:\/\/contraluzcucuta.co\/index.php?rest_route=\/wp\/v2\/posts\/27883","targetHints":{"allow":["GET"]}}],"collection":[{"href":"https:\/\/contraluzcucuta.co\/index.php?rest_route=\/wp\/v2\/posts"}],"about":[{"href":"https:\/\/contraluzcucuta.co\/index.php?rest_route=\/wp\/v2\/types\/post"}],"author":[{"embeddable":true,"href":"https:\/\/contraluzcucuta.co\/index.php?rest_route=\/wp\/v2\/users\/1"}],"replies":[{"embeddable":true,"href":"https:\/\/contraluzcucuta.co\/index.php?rest_route=%2Fwp%2Fv2%2Fcomments&post=27883"}],"version-history":[{"count":1,"href":"https:\/\/contraluzcucuta.co\/index.php?rest_route=\/wp\/v2\/posts\/27883\/revisions"}],"predecessor-version":[{"id":27885,"href":"https:\/\/contraluzcucuta.co\/index.php?rest_route=\/wp\/v2\/posts\/27883\/revisions\/27885"}],"wp:featuredmedia":[{"embeddable":true,"href":"https:\/\/contraluzcucuta.co\/index.php?rest_route=\/wp\/v2\/media\/27884"}],"wp:attachment":[{"href":"https:\/\/contraluzcucuta.co\/index.php?rest_route=%2Fwp%2Fv2%2Fmedia&parent=27883"}],"wp:term":[{"taxonomy":"category","embeddable":true,"href":"https:\/\/contraluzcucuta.co\/index.php?rest_route=%2Fwp%2Fv2%2Fcategories&post=27883"},{"taxonomy":"post_tag","embeddable":true,"href":"https:\/\/contraluzcucuta.co\/index.php?rest_route=%2Fwp%2Fv2%2Ftags&post=27883"}],"curies":[{"name":"wp","href":"https:\/\/api.w.org\/{rel}","templated":true}]}}