{"id":27880,"date":"2016-08-14T10:10:26","date_gmt":"2016-08-14T15:10:26","guid":{"rendered":"http:\/\/contraluzcucuta.co\/?p=27880"},"modified":"2016-08-14T10:10:26","modified_gmt":"2016-08-14T15:10:26","slug":"rio-2016-la-idea-era-venir-hacer-historia-jossimar-calvo","status":"publish","type":"post","link":"https:\/\/contraluzcucuta.co\/?p=27880","title":{"rendered":"R\u00cdO 2016. \u201cLa idea era venir a hacer historia\u201d: Jossimar Calvo"},"content":{"rendered":"<p><strong>R\u00cdO DE JANEIRO \u2013 Brasil.-<\/strong> El cucute\u00f1o Jossimar Calvo hizo parte de la delegaci\u00f3n colombiana en R\u00edo de Janeiro. Carg\u00f3 sobre los hombros el honor de representar al pa\u00eds en los Ol\u00edmpicos y llev\u00f3 en el coraz\u00f3n la bandera rojinegra de Norte de Santander. Camino a los Juegos abri\u00f3 paso con tes\u00f3n, perseverancia, dedicaci\u00f3n y amor por la disciplina que lo ha llevado a sitiales de honor.<\/p>\n<p>El largo recorrido en los a\u00f1os de pr\u00e1ctica deportiva lo ha llevado a salvar obst\u00e1culos de diversa \u00edndole. Incluso esos momentos dif\u00edciles en los que lleg\u00f3 a pensar que dejar\u00eda de ser gimnasta. \u00a0\u201cNo niego que a veces he tenido ganas de dejar todo a un lado\u201d. Lo reconoce hoy, cuando su nombre aparece entre los 10 primeros de los mejores en la general individual.<\/p>\n<p>El sue\u00f1o de los paisanos era verlo coronado en lo m\u00e1s alto del podio, con la medalla dorada colgada al cuello. Ese anhelo de quienes aprendieron a verlo ba\u00f1ado en oro, plata y bronce en escenarios nacionales e internacionales no se cumpli\u00f3. \u201cLa ida era venir a hacer historia y se cumpli\u00f3 lo planificado, por primera vez estuvimos en una final\u201d ol\u00edmpica.<\/p>\n<p>Los d\u00edas vividos en Brasil lo colman de dicha y m\u00e1s porque tiene a su lado a su mam\u00e1, do\u00f1a Nohora. \u201cPens\u00e9 en todo lo que me ha dado, que sea feliz, que conociera a R\u00edo, que paseara, que se la gozara. Hasta el momento ha sido as\u00ed\u201d. Y el agradecimiento no es solo para ella, el listado lo encabeza Jairo Ruiz, quien \u201cha sido como un pap\u00e1\u201d, y por \u00e9l es que en este momento est\u00e1 \u201cque no me cambio por nadie\u201d. Despu\u00e9s aparecen C\u00facuta, Colombia, la Federaci\u00f3n, Coldeportes, la familia y los entrenadores.<\/p>\n<p><strong>Ha cumplido el sue\u00f1o de participar en Juegos Ol\u00edmpicos \u00bfc\u00f3mo se siente?<\/strong><\/p>\n<p>Muy feliz de estar ac\u00e1, de representar a mi pa\u00eds y a mi departamento con mucho amor, pasi\u00f3n y cari\u00f1o. El resultado obtenido ha sido maravilloso. Es una gran experiencia que nos va a servir para en un futuro estar mejor. Agradezco al pueblo colombiano por el voto de confianza, por el apoyo, por los mensajes, por la buena energ\u00eda. Dios quiera que lleguemos m\u00e1s lejos.<\/p>\n<p><strong>\u00bfSo\u00f1aba con esto?<\/strong><\/p>\n<p>Al principio fue dif\u00edcil, porque pensamos que era un pasatiempo, pero cuando empezamos a tener resultados llegaron las metas y tuvimos como prop\u00f3sito ser un deportista de alto rendimiento, para darles glorias al pa\u00eds y al departamento, ser reconocido. Hoy, se han dado los resultados, le doy gracias a Dios por el privilegio que me ha dado. Falta mucho por mejorar, pero vamos por buen camino.<\/p>\n<p><strong>\u00bfEsta es una recompensa a tantos a\u00f1os de lucha?<\/strong><\/p>\n<p>S\u00ed. Al principio fueron a\u00f1os dif\u00edciles. Todav\u00eda los recuerdo, y me da nostalgia lo que se vivi\u00f3. Llevo 17 a\u00f1os en la lucha por cumplir las metas, por ser alguien en la vida, por salir adelante y por ser ejemplo para la juventud. Si uno se lo propone, puede hacerlo. Todo est\u00e1 en uno y creer en Dios. Hay que tener personas que lo motiven a uno que lo apoyen en las buenas y en las malas, que cuando uno est\u00e9 en el piso lo ayuden a levantarse con m\u00e1s fuerza, con\u00a0 m\u00e1s emoci\u00f3n y con mayor motivaci\u00f3n para llegar lejos.<\/p>\n<p><strong>\u00bfPor qu\u00e9 nunca se rindi\u00f3, a pesar de las dificultades que afront\u00f3?<\/strong><\/p>\n<p>El que persevera alcanza. Cuando a uno una persona con experiencia y con recorrido en la vida le dice que tiene futuro, aunque no ser\u00e1 f\u00e1cil, y que habr\u00e1 momentos buenos, malos, tristes, alegres, lo motiva a continuar hacia adelante. El deporte cambi\u00f3 mi vida, cambi\u00f3 mi familia. Estoy en buen momento. Estoy pasando por una etapa maravillosa y quiero disfrutarla. Ojal\u00e1 el apoyo y el est\u00edmulo sigan creciendo en el deporte nortesantandereano. Tenemos talento, hay con qu\u00e9, pero necesitamos apoyo. Mis metas son claras, voy a luchar hasta donde m\u00e1s no pueda, tengo mucho camino. El proceso de los Ol\u00edmpicos me ha servido para cambiar como deportista, como persona, cambiar h\u00e1bitos que no eran buenos. En estos momentos soy una persona m\u00e1s centrada, m\u00e1s madura. A mis 22 a\u00f1os s\u00e9 cu\u00e1les son mis prop\u00f3sitos, cu\u00e1les son mis metas, s\u00e9 que ahora cuando llegue a Colombio se har\u00e1 la planificaci\u00f3n del nuevo ciclo, s\u00e9 que debo esforzarme m\u00e1s, tendr\u00e9 que entrenar m\u00e1s fuerte. Todo ser\u00e1 con la bendici\u00f3n de Dios para un buen prop\u00f3sito.<\/p>\n<p><strong>\u00bfCalcula lo que Jes\u00fas Romero ha disfrutado este momento suyo?<\/strong><\/p>\n<p>Desde que llegu\u00e9 a R\u00edo no existo sino para m\u00ed competencia. Muchos estuvieron pendientes en el coliseo, he visto fotos. Es gratificante la admiraci\u00f3n que me tienen. Le agradezco a Jes\u00fas, s\u00e9 que est\u00e1 orgulloso del resultado que obtuvimos. El resultado es para todos.<\/p>\n<p><strong>\u00bfQu\u00e9 mensja tiene para los cucute\u00f1os?<\/strong><\/p>\n<p>Decirles que les deseo lo mejor. Mis m\u00e1s sinceras bendiciones, que el Se\u00f1or Jes\u00fas los bendiga siempre. Gracias por el voto de confianza, por el \u00e1nimo, por brindarme ese regalo que representar a mi departamento.<\/p>\n<p><strong>Entrevista: DIEGO CLAVIJO<\/strong><\/p>\n<p><strong>Director deportes Canal TRO<\/strong><\/p>\n<p><strong>Foto: <a href=\"http:\/\/www.tusemanario.com\">www.tusemanario.com<\/a><\/strong><\/p>\n<p><strong>\u00a0<\/strong> <\/p>\n","protected":false},"excerpt":{"rendered":"<p>R\u00cdO DE JANEIRO \u2013 Brasil.- El cucute\u00f1o Jossimar Calvo hizo parte de la delegaci\u00f3n colombiana en R\u00edo de Janeiro. Carg\u00f3 sobre los hombros el honor de representar al pa\u00eds en los Ol\u00edmpicos y llev\u00f3 en el coraz\u00f3n la bandera rojinegra de Norte de Santander. Camino a los Juegos abri\u00f3 paso con tes\u00f3n, perseverancia, dedicaci\u00f3n y &hellip;<\/p>\n","protected":false},"author":1,"featured_media":27881,"comment_status":"open","ping_status":"open","sticky":false,"template":"","format":"standard","meta":{"footnotes":""},"categories":[4,28],"tags":[2148,639,2905],"class_list":["post-27880","post","type-post","status-publish","format-standard","has-post-thumbnail","hentry","category-barra","category-vistazo-deportivo","tag-federacion-colombiana-de-gimnasia","tag-jossimar-calvo","tag-olimpicos-rio-2016"],"_links":{"self":[{"href":"https:\/\/contraluzcucuta.co\/index.php?rest_route=\/wp\/v2\/posts\/27880","targetHints":{"allow":["GET"]}}],"collection":[{"href":"https:\/\/contraluzcucuta.co\/index.php?rest_route=\/wp\/v2\/posts"}],"about":[{"href":"https:\/\/contraluzcucuta.co\/index.php?rest_route=\/wp\/v2\/types\/post"}],"author":[{"embeddable":true,"href":"https:\/\/contraluzcucuta.co\/index.php?rest_route=\/wp\/v2\/users\/1"}],"replies":[{"embeddable":true,"href":"https:\/\/contraluzcucuta.co\/index.php?rest_route=%2Fwp%2Fv2%2Fcomments&post=27880"}],"version-history":[{"count":1,"href":"https:\/\/contraluzcucuta.co\/index.php?rest_route=\/wp\/v2\/posts\/27880\/revisions"}],"predecessor-version":[{"id":27882,"href":"https:\/\/contraluzcucuta.co\/index.php?rest_route=\/wp\/v2\/posts\/27880\/revisions\/27882"}],"wp:featuredmedia":[{"embeddable":true,"href":"https:\/\/contraluzcucuta.co\/index.php?rest_route=\/wp\/v2\/media\/27881"}],"wp:attachment":[{"href":"https:\/\/contraluzcucuta.co\/index.php?rest_route=%2Fwp%2Fv2%2Fmedia&parent=27880"}],"wp:term":[{"taxonomy":"category","embeddable":true,"href":"https:\/\/contraluzcucuta.co\/index.php?rest_route=%2Fwp%2Fv2%2Fcategories&post=27880"},{"taxonomy":"post_tag","embeddable":true,"href":"https:\/\/contraluzcucuta.co\/index.php?rest_route=%2Fwp%2Fv2%2Ftags&post=27880"}],"curies":[{"name":"wp","href":"https:\/\/api.w.org\/{rel}","templated":true}]}}