{"id":27874,"date":"2016-08-13T16:12:58","date_gmt":"2016-08-13T21:12:58","guid":{"rendered":"http:\/\/contraluzcucuta.co\/?p=27874"},"modified":"2016-08-13T16:12:58","modified_gmt":"2016-08-13T21:12:58","slug":"via-la-soberania-frente-comun-consigue-900-millones-para-reparar-96-kilometros","status":"publish","type":"post","link":"https:\/\/contraluzcucuta.co\/?p=27874","title":{"rendered":"V\u00cdA LA SOBERAN\u00cdA. Frente com\u00fan consigue $ 900 millones para reparar 96 kil\u00f3metros"},"content":{"rendered":"<p><strong>C\u00daCUTA.-<\/strong> 96 kil\u00f3metros de la v\u00eda La Soberan\u00eda, que tienen radio de acci\u00f3n e impacto en Norte de Santander, ser\u00e1n atendidos por Inv\u00edas y Ecopetrol. El tramo acusa problemas de deterioro y es de dif\u00edcil tr\u00e1nsito. La carretera permite la comunicaci\u00f3n entre Norte de Santander y Arauca<\/p>\n<p>Representaciones del departamento sostuvieron, en Bogot\u00e1, un encuentro con el Gobierno para determinar intervenciones en la v\u00eda. En la cita se acord\u00f3:<\/p>\n<p>1.- Aportar un banco de maquinaria<\/p>\n<p>2.- Adicionar recursos para la operaci\u00f3n por parte del gobierno departamental<\/p>\n<p>3.- Aportes de $ 750 millones por parte de Ecopetrol y $ 150 millones de Inv\u00edas, representados en material p\u00e9treo para el mantenimiento de la v\u00eda durante los 12 meses de intervenci\u00f3n.<\/p>\n<p>Los problemas datan de a\u00f1os atr\u00e1s. La falta de inversi\u00f3n requiere determinar urgente un sistema de atenci\u00f3n en la infraestructura vial, para generar la reactivaci\u00f3n econ\u00f3mica truncada por los efectos de las lluvias y la falta de mano de obra.<\/p>\n<p>Los desplazamientos entre Norte de Santander y Arauca generan riesgo, sobre todo cuando llueve. Los habitantes de los dos departamentos se ven afectados por las constantes incomunicaciones viales para comercializar productos agr\u00edcolas. El apoyo del Gobierno podr\u00eda traer una soluci\u00f3n oportuna para la zona.<\/p>\n<p>El encuentro le apunt\u00f3 a generar acciones y gestiones ante el Gobierno y la clase pol\u00edtica de Norte de Santander y Arauca. Adem\u00e1s, para unir esfuerzos y lograr la aprobaci\u00f3n de recursos que permitan la intervenci\u00f3n en la v\u00eda La Soberan\u00eda. La carretera permanece afectada por deslizamientos y desbordamientos, producto de las recientes lluvias.<\/p>\n<p>Una comisi\u00f3n de los ind\u00edgenas U\u2019wa acompa\u00f1\u00f3 a los secretarios de Infraestructura, Rafael Segundo Ram\u00edrez, y de Planeaci\u00f3n, Julio C\u00e9sar Silva; al coordinador del Consejo Departamental para la Gesti\u00f3n del Riesgo, Anelfi Balaguera; al coordinador para la reconstrucci\u00f3n de Gramalote, Carlos Rodr\u00edguez; al viceministro de Minas y Energ\u00eda,\u00a0 Carlos Andr\u00e9s Cante; a la viceministra del Interior, Carmen In\u00e9s V\u00e1squez, y a los diputados Frank Wolman y Rafael C\u00e1ceres.<\/p>\n<p><strong>Foto: llanera.com<\/strong><\/p>\n<p><strong>\u00a0<\/strong> <\/p>\n","protected":false},"excerpt":{"rendered":"<p>C\u00daCUTA.- 96 kil\u00f3metros de la v\u00eda La Soberan\u00eda, que tienen radio de acci\u00f3n e impacto en Norte de Santander, ser\u00e1n atendidos por Inv\u00edas y Ecopetrol. El tramo acusa problemas de deterioro y es de dif\u00edcil tr\u00e1nsito. La carretera permite la comunicaci\u00f3n entre Norte de Santander y Arauca Representaciones del departamento sostuvieron, en Bogot\u00e1, un encuentro &hellip;<\/p>\n","protected":false},"author":1,"featured_media":27875,"comment_status":"open","ping_status":"open","sticky":false,"template":"","format":"standard","meta":{"footnotes":""},"categories":[32],"tags":[3136],"class_list":["post-27874","post","type-post","status-publish","format-standard","has-post-thumbnail","hentry","category-recorrido-por-la-region","tag-via-la-soberania"],"_links":{"self":[{"href":"https:\/\/contraluzcucuta.co\/index.php?rest_route=\/wp\/v2\/posts\/27874","targetHints":{"allow":["GET"]}}],"collection":[{"href":"https:\/\/contraluzcucuta.co\/index.php?rest_route=\/wp\/v2\/posts"}],"about":[{"href":"https:\/\/contraluzcucuta.co\/index.php?rest_route=\/wp\/v2\/types\/post"}],"author":[{"embeddable":true,"href":"https:\/\/contraluzcucuta.co\/index.php?rest_route=\/wp\/v2\/users\/1"}],"replies":[{"embeddable":true,"href":"https:\/\/contraluzcucuta.co\/index.php?rest_route=%2Fwp%2Fv2%2Fcomments&post=27874"}],"version-history":[{"count":1,"href":"https:\/\/contraluzcucuta.co\/index.php?rest_route=\/wp\/v2\/posts\/27874\/revisions"}],"predecessor-version":[{"id":27876,"href":"https:\/\/contraluzcucuta.co\/index.php?rest_route=\/wp\/v2\/posts\/27874\/revisions\/27876"}],"wp:featuredmedia":[{"embeddable":true,"href":"https:\/\/contraluzcucuta.co\/index.php?rest_route=\/wp\/v2\/media\/27875"}],"wp:attachment":[{"href":"https:\/\/contraluzcucuta.co\/index.php?rest_route=%2Fwp%2Fv2%2Fmedia&parent=27874"}],"wp:term":[{"taxonomy":"category","embeddable":true,"href":"https:\/\/contraluzcucuta.co\/index.php?rest_route=%2Fwp%2Fv2%2Fcategories&post=27874"},{"taxonomy":"post_tag","embeddable":true,"href":"https:\/\/contraluzcucuta.co\/index.php?rest_route=%2Fwp%2Fv2%2Ftags&post=27874"}],"curies":[{"name":"wp","href":"https:\/\/api.w.org\/{rel}","templated":true}]}}