{"id":27871,"date":"2016-08-13T15:41:30","date_gmt":"2016-08-13T20:41:30","guid":{"rendered":"http:\/\/contraluzcucuta.co\/?p=27871"},"modified":"2016-08-13T15:41:30","modified_gmt":"2016-08-13T20:41:30","slug":"comision-tecnica-cano-indio-territorio-de-paz","status":"publish","type":"post","link":"https:\/\/contraluzcucuta.co\/?p=27871","title":{"rendered":"COMISI\u00d3N T\u00c9CNICA. Ca\u00f1o Indio, territorio de paz"},"content":{"rendered":"<p><strong>TIB\u00da \u2013 Norte de Santander.-<\/strong> Ca\u00f1o Indio es una de las 180 veredas de Tib\u00fa y ah\u00ed se concentrar\u00e1 parte de los guerrilleros de las Farc, luego de la firma del proceso de paz que se adelanta en La Habana (Cuba).\u00a0 Norte de Santander ha sido uno de los departamentos m\u00e1s azotados por el conflicto armado interno, que ha cobrado millares de v\u00edctimas durante la mitad del siglo veinte y lo que va corrido del veintiuno.<\/p>\n<p>La Comisi\u00f3n T\u00e9cnica de ubicaci\u00f3n, reconocimiento y delimitaci\u00f3n de zonas transitorias de normalizaci\u00f3n lleg\u00f3 hasta esa zona rural para delimitar, recorrer y verificar las condiciones en las que se encuentra. La comisi\u00f3n, encabezada por funcionarios de la presidencia de la Rep\u00fablica; los gobiernos nacional, departamental y local, la ONU, el Comit\u00e9 Internacional de la Cruz Roja (CICR), el Ej\u00e9rcito, la Polic\u00eda, las Farc y la Di\u00f3cesis de Tib\u00fa fue recibida por la comunidad, que declar\u00f3 este sector como territorio de paz.<\/p>\n<p>La comunidad est\u00e1 expectante por el desarrollo del proceso de paz \u00a0y mantiene la esperanza que con la condici\u00f3n de zona especial lleguen el progreso y la inversi\u00f3n social y de infraestructura. Aunque no han faltado voces de rechazo.<\/p>\n<p>En la vereda tibuyana se respira ambiente de paz. Los pobladores creen que este ambiente traer\u00e1 vientos de convivencia y de desarrollo para la zona, durante muchos a\u00f1os olvidada. Ahora, cobra actualidad por la designaci\u00f3n para albergar a los miembros de las Farc, transitoriamente, para la normalizaci\u00f3n civil.<\/p>\n<p>La comisi\u00f3n especial trabaj\u00f3 en dos campos espec\u00edficos:<\/p>\n<p>1.- Gobierno y Di\u00f3cesis de Tib\u00fa.<\/p>\n<p>&#8211; Acercamiento con la comunidad para escuchar las necesidades.<\/p>\n<p>&#8211; Explicaciones sobre c\u00f3mo operar\u00e1 la zona.<\/p>\n<p>&#8211; La comunidad pidi\u00f3 inversi\u00f3n social y de infraestructura.<\/p>\n<p>2.- Farc, ONU y CICR.<\/p>\n<p>&#8211; Recorrido cartogr\u00e1fico<\/p>\n<p>&#8211; Establecimiento de coordenadas<\/p>\n<p>&#8211; Verificaron de las condiciones del territorio.<\/p>\n<p><strong>Foto: PRENSA GOBERNACI\u00d3N<\/strong><\/p>\n<p>&nbsp; <\/p>\n","protected":false},"excerpt":{"rendered":"<p>TIB\u00da \u2013 Norte de Santander.- Ca\u00f1o Indio es una de las 180 veredas de Tib\u00fa y ah\u00ed se concentrar\u00e1 parte de los guerrilleros de las Farc, luego de la firma del proceso de paz que se adelanta en La Habana (Cuba).\u00a0 Norte de Santander ha sido uno de los departamentos m\u00e1s azotados por el conflicto &hellip;<\/p>\n","protected":false},"author":1,"featured_media":27872,"comment_status":"open","ping_status":"open","sticky":false,"template":"","format":"standard","meta":{"footnotes":""},"categories":[4,2630],"tags":[3134,3135,502],"class_list":["post-27871","post","type-post","status-publish","format-standard","has-post-thumbnail","hentry","category-barra","category-gobernacion","tag-cano-indio-tibu","tag-comision-tecnica-de-paz","tag-proceso-de-paz-en-colombia"],"_links":{"self":[{"href":"https:\/\/contraluzcucuta.co\/index.php?rest_route=\/wp\/v2\/posts\/27871","targetHints":{"allow":["GET"]}}],"collection":[{"href":"https:\/\/contraluzcucuta.co\/index.php?rest_route=\/wp\/v2\/posts"}],"about":[{"href":"https:\/\/contraluzcucuta.co\/index.php?rest_route=\/wp\/v2\/types\/post"}],"author":[{"embeddable":true,"href":"https:\/\/contraluzcucuta.co\/index.php?rest_route=\/wp\/v2\/users\/1"}],"replies":[{"embeddable":true,"href":"https:\/\/contraluzcucuta.co\/index.php?rest_route=%2Fwp%2Fv2%2Fcomments&post=27871"}],"version-history":[{"count":1,"href":"https:\/\/contraluzcucuta.co\/index.php?rest_route=\/wp\/v2\/posts\/27871\/revisions"}],"predecessor-version":[{"id":27873,"href":"https:\/\/contraluzcucuta.co\/index.php?rest_route=\/wp\/v2\/posts\/27871\/revisions\/27873"}],"wp:featuredmedia":[{"embeddable":true,"href":"https:\/\/contraluzcucuta.co\/index.php?rest_route=\/wp\/v2\/media\/27872"}],"wp:attachment":[{"href":"https:\/\/contraluzcucuta.co\/index.php?rest_route=%2Fwp%2Fv2%2Fmedia&parent=27871"}],"wp:term":[{"taxonomy":"category","embeddable":true,"href":"https:\/\/contraluzcucuta.co\/index.php?rest_route=%2Fwp%2Fv2%2Fcategories&post=27871"},{"taxonomy":"post_tag","embeddable":true,"href":"https:\/\/contraluzcucuta.co\/index.php?rest_route=%2Fwp%2Fv2%2Ftags&post=27871"}],"curies":[{"name":"wp","href":"https:\/\/api.w.org\/{rel}","templated":true}]}}