{"id":27840,"date":"2016-08-11T19:31:05","date_gmt":"2016-08-12T00:31:05","guid":{"rendered":"http:\/\/contraluzcucuta.co\/?p=27840"},"modified":"2016-08-11T19:31:05","modified_gmt":"2016-08-12T00:31:05","slug":"velada-cultural-espectaculo-teatral-y-musical","status":"publish","type":"post","link":"https:\/\/contraluzcucuta.co\/?p=27840","title":{"rendered":"VELADA CULTURAL. Espect\u00e1culo teatral y musical"},"content":{"rendered":"<p><strong>CUCUTA.-<\/strong> Llegan el fin de semana y las emblem\u00e1ticas Veladas Culturales de Aguas Kpital C\u00facuta. Este viernes, en desarrollo de la VII Fiesta de Teatro Escenarios para la Paz, presenta la obra \u2018Historia del hombre que se convirti\u00f3 en perro, de la fundaci\u00f3n Teatro Abierto de Medell\u00edn.<\/p>\n<p>Los asistentes se deleitaran con las melod\u00edas Obertura, Nortesantandereana, Inmortal, Pueblito Viejo, Sombra en los M\u00e9dalos, Aquilinos, entre otras, que interpretar\u00e1 la Orquesta Sinf\u00f3nica Juvenil de C\u00facuta, dirigida por el maestro Rafael Pineda.<\/p>\n<p>La invitaci\u00f3n est\u00e1 abierta a todas las familias cucute\u00f1as para que asistan a las 7:00 de la noche a la velada cultural, junto al CAI en El Malec\u00f3n, en un espacio renovado para bailar y cantar c\u00f3modamente en la glorieta Arnulfo Brice\u00f1o.<\/p>\n<p><strong>Foto: PRENSA AGUAS KPITAL<\/strong> <\/p>\n","protected":false},"excerpt":{"rendered":"<p>CUCUTA.- Llegan el fin de semana y las emblem\u00e1ticas Veladas Culturales de Aguas Kpital C\u00facuta. Este viernes, en desarrollo de la VII Fiesta de Teatro Escenarios para la Paz, presenta la obra \u2018Historia del hombre que se convirti\u00f3 en perro, de la fundaci\u00f3n Teatro Abierto de Medell\u00edn. Los asistentes se deleitaran con las melod\u00edas Obertura, &hellip;<\/p>\n","protected":false},"author":1,"featured_media":27841,"comment_status":"open","ping_status":"open","sticky":false,"template":"","format":"standard","meta":{"footnotes":""},"categories":[45],"tags":[1270,3128,2257],"class_list":["post-27840","post","type-post","status-publish","format-standard","has-post-thumbnail","hentry","category-destacado","tag-aguas-kpital-cucuta","tag-teatro-abierto-de-medelli","tag-veladas-culturales"],"_links":{"self":[{"href":"https:\/\/contraluzcucuta.co\/index.php?rest_route=\/wp\/v2\/posts\/27840","targetHints":{"allow":["GET"]}}],"collection":[{"href":"https:\/\/contraluzcucuta.co\/index.php?rest_route=\/wp\/v2\/posts"}],"about":[{"href":"https:\/\/contraluzcucuta.co\/index.php?rest_route=\/wp\/v2\/types\/post"}],"author":[{"embeddable":true,"href":"https:\/\/contraluzcucuta.co\/index.php?rest_route=\/wp\/v2\/users\/1"}],"replies":[{"embeddable":true,"href":"https:\/\/contraluzcucuta.co\/index.php?rest_route=%2Fwp%2Fv2%2Fcomments&post=27840"}],"version-history":[{"count":1,"href":"https:\/\/contraluzcucuta.co\/index.php?rest_route=\/wp\/v2\/posts\/27840\/revisions"}],"predecessor-version":[{"id":27842,"href":"https:\/\/contraluzcucuta.co\/index.php?rest_route=\/wp\/v2\/posts\/27840\/revisions\/27842"}],"wp:featuredmedia":[{"embeddable":true,"href":"https:\/\/contraluzcucuta.co\/index.php?rest_route=\/wp\/v2\/media\/27841"}],"wp:attachment":[{"href":"https:\/\/contraluzcucuta.co\/index.php?rest_route=%2Fwp%2Fv2%2Fmedia&parent=27840"}],"wp:term":[{"taxonomy":"category","embeddable":true,"href":"https:\/\/contraluzcucuta.co\/index.php?rest_route=%2Fwp%2Fv2%2Fcategories&post=27840"},{"taxonomy":"post_tag","embeddable":true,"href":"https:\/\/contraluzcucuta.co\/index.php?rest_route=%2Fwp%2Fv2%2Ftags&post=27840"}],"curies":[{"name":"wp","href":"https:\/\/api.w.org\/{rel}","templated":true}]}}