{"id":27801,"date":"2016-08-06T16:15:19","date_gmt":"2016-08-06T21:15:19","guid":{"rendered":"http:\/\/contraluzcucuta.co\/?p=27801"},"modified":"2016-08-06T17:35:28","modified_gmt":"2016-08-06T22:35:28","slug":"william-villamizar-fallo-del-consejo-de-estado-no-contempla-mi-retiro-del-cargo","status":"publish","type":"post","link":"https:\/\/contraluzcucuta.co\/?p=27801","title":{"rendered":"WILLIAM VILLAMIZAR. \u201cFallo del Consejo de Estado no contempla mi retiro del cargo\u201d"},"content":{"rendered":"<p><strong>C\u00daCUTA.-<\/strong> Los nortesantandereaos despertaron, el viernes, con una informaci\u00f3n que a algunos alegraba y a otros entristec\u00eda. El Consejo de Estado emiti\u00f3 el fallo contra William Villamizar por una actuaci\u00f3n cuando ocupaba una curul en el Concejo de C\u00facuta. La informaci\u00f3n tom\u00f3 de inmediato dos interpretaciones y se arm\u00f3 el debate a todo nivel.<\/p>\n<p>Los entendidos comprendieron que la decisi\u00f3n del \u00f3rgano judicial no pon\u00eda en riesgo el cargo que ostenta el demandado. La contraparte celebr\u00f3 que la justicia hubiera actuado, as\u00ed haya trascurrido m\u00e1s de una d\u00e9cada. Los unos defend\u00edan y los otros atacaban.<\/p>\n<p>En los medios de comunicaci\u00f3n tambi\u00e9n se arm\u00f3 confusi\u00f3n. Las informaciones dieron cuenta de la inhabilidad de Villamizar laguado para permanecer en la C\u00fapula Chata. La radio despach\u00f3 noticias y entrevistas que pon\u00edan fuera de la Gobernaci\u00f3n al ganador de las elecciones en octubre.<\/p>\n<p>Contrincantes \u00a0en las urnas sacaron banderas de triunfo y por las palabras expresadas empezaban campa\u00f1a para una nueva contienda. Los m\u00e1s atrevidos dieron ternas para remplazar al saliente gobernante y escogieron como candidato al hermano para los comicios venideros. Los expertos tambi\u00e9n emitieron conceptos.<\/p>\n<p>En medo de esa incertidumbre pol\u00edtica, que dur\u00f3 escasas horas, e aguardaba la llegada de William Villamizar a la ciudad. El fallo lo tom\u00f3 en Caracas, reunido con las cancilleres de Colombia y Venezuela en busca de soluciones para la crisis de la frontera.<\/p>\n<p>Al pisar tierra cucute\u00f1a orden\u00f3 a la oficina de prensa citar a rueda de prensa. Periodistas de todas las edades y todos los medios posibles acudieron a la cita. Una pregunta para distender el ambiente, sobre lo sucedido en la capital venezolana. La ansiedad estaba a flor de labios de comunicadores masculinos y femeninos.<\/p>\n<p>C\u00e1maras, grabadoras y tel\u00e9fonos celulares apuntaban a la boca de Villamizar Laguado. Quer\u00edan tomar ese momento para guardarlo para la historia. El jefe de presan tom\u00f3 la iniciativa y lanz\u00f3 la tan anhelada pregunta. Y lleg\u00f3 la tan esperada respuesta.<\/p>\n<p>\u201cEl fallo no contempla que sea retirado del cargo como Gobernador de Norte de Santander\u201d. Los que deseaban escuchar esas palabras sonrieron, no gritaron por pena con los colegas, pero se los not\u00f3 la emoci\u00f3n. Los dem\u00e1s, asumieron la posici\u00f3n que estaban ah\u00ed por cuestiones laborales.<\/p>\n<p>\u201cSeguiremos trabajando desde la Gobernaci\u00f3n para consolidar \u2018Un Norte Productivo para Todos\u2019, y para cumplir a quienes dieron su voto por nosotros\u201d. Dijo el Gobernador y sonri\u00f3. Hab\u00eda en el rostro una expresi\u00f3n de satisfacci\u00f3n y los periodistas hicieron coro con risas.<\/p>\n<p>Otras dudas, m\u00e1s inquietudes y m\u00e1s preguntas atropelladas. Estaba dicho y quer\u00edan la ratificaci\u00f3n, la continuidad de William Villamizar al frente de la administraci\u00f3n departamental estaba asegurada. El Consejo de Estado hab\u00eda ordenado la p\u00e9rdida de investidura como Concejal de C\u00facuta, por all\u00e1 en el 2002.<\/p>\n<p>Y el remate no pudo ser mejor: \u201cfallo que respetamos, acatamos y nos acogemos a \u00e9l. Habr\u00e1 que hacer las aclaraciones respectivas y las notificaciones del caso. Tendr\u00e1n que abrirse unos nuevos procesos. Por ahora, seguiremos en la Gobernaci\u00f3n por tres a\u00f1os y medio m\u00e1s\u201d. Pas\u00f3 el nerviosismo. Los periodistas regresaron a sus medios con la grabaci\u00f3n que quer\u00edan. Ten\u00edan la respuesta de la fuente directa.<\/p>\n<p>Un abogado atin\u00f3 a decir, lejos de la Gobernaci\u00f3n, que el fallo da pie para otra demanda, porque la Ley dice que ning\u00fan colombiano puede ejercer cargo p\u00fablico si ha sido inhabilitado en otra instancia. Reconoci\u00f3 que por ahora lo acoge como concejal, pero que puede rebotar al cargo actual. La discusi\u00f3n contin\u00faa.<\/p>\n<p>RAFAEL ANTONIO PAB\u00d3N<\/p>\n<p>rafaelpabon58@hotmail.com<\/p>\n<p><strong>Foto: PRENSA GOBERNACI\u00d3N <\/strong> <\/p>\n","protected":false},"excerpt":{"rendered":"<p>C\u00daCUTA.- Los nortesantandereaos despertaron, el viernes, con una informaci\u00f3n que a algunos alegraba y a otros entristec\u00eda. El Consejo de Estado emiti\u00f3 el fallo contra William Villamizar por una actuaci\u00f3n cuando ocupaba una curul en el Concejo de C\u00facuta. La informaci\u00f3n tom\u00f3 de inmediato dos interpretaciones y se arm\u00f3 el debate a todo nivel. Los &hellip;<\/p>\n","protected":false},"author":1,"featured_media":27802,"comment_status":"open","ping_status":"open","sticky":false,"template":"","format":"standard","meta":{"footnotes":""},"categories":[4,2630],"tags":[3126,2800],"class_list":["post-27801","post","type-post","status-publish","format-standard","has-post-thumbnail","hentry","category-barra","category-gobernacion","tag-consejo-de-estado","tag-gobernador-william-villamizar"],"_links":{"self":[{"href":"https:\/\/contraluzcucuta.co\/index.php?rest_route=\/wp\/v2\/posts\/27801","targetHints":{"allow":["GET"]}}],"collection":[{"href":"https:\/\/contraluzcucuta.co\/index.php?rest_route=\/wp\/v2\/posts"}],"about":[{"href":"https:\/\/contraluzcucuta.co\/index.php?rest_route=\/wp\/v2\/types\/post"}],"author":[{"embeddable":true,"href":"https:\/\/contraluzcucuta.co\/index.php?rest_route=\/wp\/v2\/users\/1"}],"replies":[{"embeddable":true,"href":"https:\/\/contraluzcucuta.co\/index.php?rest_route=%2Fwp%2Fv2%2Fcomments&post=27801"}],"version-history":[{"count":2,"href":"https:\/\/contraluzcucuta.co\/index.php?rest_route=\/wp\/v2\/posts\/27801\/revisions"}],"predecessor-version":[{"id":27806,"href":"https:\/\/contraluzcucuta.co\/index.php?rest_route=\/wp\/v2\/posts\/27801\/revisions\/27806"}],"wp:featuredmedia":[{"embeddable":true,"href":"https:\/\/contraluzcucuta.co\/index.php?rest_route=\/wp\/v2\/media\/27802"}],"wp:attachment":[{"href":"https:\/\/contraluzcucuta.co\/index.php?rest_route=%2Fwp%2Fv2%2Fmedia&parent=27801"}],"wp:term":[{"taxonomy":"category","embeddable":true,"href":"https:\/\/contraluzcucuta.co\/index.php?rest_route=%2Fwp%2Fv2%2Fcategories&post=27801"},{"taxonomy":"post_tag","embeddable":true,"href":"https:\/\/contraluzcucuta.co\/index.php?rest_route=%2Fwp%2Fv2%2Ftags&post=27801"}],"curies":[{"name":"wp","href":"https:\/\/api.w.org\/{rel}","templated":true}]}}