{"id":27798,"date":"2016-08-06T15:38:04","date_gmt":"2016-08-06T20:38:04","guid":{"rendered":"http:\/\/contraluzcucuta.co\/?p=27798"},"modified":"2016-08-06T15:38:04","modified_gmt":"2016-08-06T20:38:04","slug":"el-cine-que-somos-81-funciones-de-30-peliculas-colombianas-en-8-municipios","status":"publish","type":"post","link":"https:\/\/contraluzcucuta.co\/?p=27798","title":{"rendered":"\u2018EL CINE QUE SOMOS\u2019. 81 funciones de 30 pel\u00edculas colombianas en 8 municipios"},"content":{"rendered":"<p><strong>C\u00daCUTA.-<\/strong> Treinta pel\u00edculas colombianas se exhibir\u00e1n en ocho municipio de Norte de Santander como parte de una iniciativa cultural del Gobierno. En las localidades seleccionadas se presentar\u00e1n 81 funciones, sin costo para los asistentes. La estrategia para dar a conocer el \u00a0cine nacional es fomentada por La Direcci\u00f3n de Cinematograf\u00eda del Ministerio de Cultura y Proim\u00e1genes Colombia.<\/p>\n<p>Los municipios escogidos con Arboledas, Bochalema, C\u00e1cota, Chin\u00e1cota, C\u00facuta, El Zulia, Pamplona y Villacaro. Y los filmes que se ver\u00e1n son Porro hecho en Colombia, Nos vamos pal mundial, El \u00faltimo aliento, Gente de bien, Uno al a\u00f1o no hace da\u00f1o, Infierno o para\u00edso, Usted no sabe qui\u00e9n soy yo, Por un pu\u00f1ado de pelos, Un asunto de tierras, Parador h\u00fangaro, La selva inflada, Petecuy, Regue chiken, Carta al ni\u00f1o Dios, El faro, Guelcom tu Colombia, Por mis hijos lo que sea, El cielo en tu mirada, Encerrada, Estrella quiero ser, De Rolling 2, La rectora, Vivo en el limbo, Se nos arm\u00f3 la gorda 1, Se nos arm\u00f3 la gorda 2, El cartel de la papa, El soborno del cielo, Todo comenz\u00f3 por el fin, Shakespeare y Ella.<\/p>\n<p>La estrategia art\u00edstica recorrer\u00e1 197 municipios del pa\u00eds para enaltecer y difundir el talento patrio del S\u00e9ptimo Arte y cuenta con apoyo del Consejo Nacional de las Artes y la Cultura en Cinematograf\u00eda (CNACC) y el Fondo para el Desarrollo Cinematogr\u00e1fico (FDC).<\/p>\n<p>La muestra cultural se enmarca en la Sexta Edici\u00f3n de la Semana del Cine Colombiano, del 18 al 24 de agosto. El objetivo es que el cine pueda exhibirse en localidades de Norte de Santander que no han estado dentro de los circuitos de distribuci\u00f3n. As\u00ed se lograr\u00e1 ofrecer una alternativa cultural a los municipios donde el acceso al cine es limitado o no existe.<\/p>\n<p>La Sexta Edici\u00f3n de la Semana del Cine Colombiano cuenta con 55 pel\u00edculas colombianas estrenadas entre 2014 y 2016. El lema es \u2018El Cine Que Somos\u2019, lo que invita a todos los nortesantandereanos a tener un acercamiento al cine nacional a trav\u00e9s de nuestras historias, personajes y lugares.<\/p>\n<p><strong>Foto: travinhadotcom1.wordpress.co<\/strong><\/p>\n<p>&nbsp;<\/p>\n<p>&nbsp; <\/p>\n","protected":false},"excerpt":{"rendered":"<p>C\u00daCUTA.- Treinta pel\u00edculas colombianas se exhibir\u00e1n en ocho municipio de Norte de Santander como parte de una iniciativa cultural del Gobierno. En las localidades seleccionadas se presentar\u00e1n 81 funciones, sin costo para los asistentes. La estrategia para dar a conocer el \u00a0cine nacional es fomentada por La Direcci\u00f3n de Cinematograf\u00eda del Ministerio de Cultura y &hellip;<\/p>\n","protected":false},"author":1,"featured_media":27799,"comment_status":"open","ping_status":"open","sticky":false,"template":"","format":"standard","meta":{"footnotes":""},"categories":[4,6,37],"tags":[3125,3122,3123,3124],"class_list":["post-27798","post","type-post","status-publish","format-standard","has-post-thumbnail","hentry","category-barra","category-ojo-avizor","category-paseo-cultural","tag-cine-colombiano","tag-el-cine-que-somos","tag-nos-vamos-pal-mundial","tag-por-un-punado-de-pelos"],"_links":{"self":[{"href":"https:\/\/contraluzcucuta.co\/index.php?rest_route=\/wp\/v2\/posts\/27798","targetHints":{"allow":["GET"]}}],"collection":[{"href":"https:\/\/contraluzcucuta.co\/index.php?rest_route=\/wp\/v2\/posts"}],"about":[{"href":"https:\/\/contraluzcucuta.co\/index.php?rest_route=\/wp\/v2\/types\/post"}],"author":[{"embeddable":true,"href":"https:\/\/contraluzcucuta.co\/index.php?rest_route=\/wp\/v2\/users\/1"}],"replies":[{"embeddable":true,"href":"https:\/\/contraluzcucuta.co\/index.php?rest_route=%2Fwp%2Fv2%2Fcomments&post=27798"}],"version-history":[{"count":1,"href":"https:\/\/contraluzcucuta.co\/index.php?rest_route=\/wp\/v2\/posts\/27798\/revisions"}],"predecessor-version":[{"id":27800,"href":"https:\/\/contraluzcucuta.co\/index.php?rest_route=\/wp\/v2\/posts\/27798\/revisions\/27800"}],"wp:featuredmedia":[{"embeddable":true,"href":"https:\/\/contraluzcucuta.co\/index.php?rest_route=\/wp\/v2\/media\/27799"}],"wp:attachment":[{"href":"https:\/\/contraluzcucuta.co\/index.php?rest_route=%2Fwp%2Fv2%2Fmedia&parent=27798"}],"wp:term":[{"taxonomy":"category","embeddable":true,"href":"https:\/\/contraluzcucuta.co\/index.php?rest_route=%2Fwp%2Fv2%2Fcategories&post=27798"},{"taxonomy":"post_tag","embeddable":true,"href":"https:\/\/contraluzcucuta.co\/index.php?rest_route=%2Fwp%2Fv2%2Ftags&post=27798"}],"curies":[{"name":"wp","href":"https:\/\/api.w.org\/{rel}","templated":true}]}}