{"id":27789,"date":"2016-08-06T12:30:25","date_gmt":"2016-08-06T17:30:25","guid":{"rendered":"http:\/\/contraluzcucuta.co\/?p=27789"},"modified":"2016-08-06T12:30:25","modified_gmt":"2016-08-06T17:30:25","slug":"60-anos-de-la-diocesis-papa-francisco-concede-ano-santo-jubilar","status":"publish","type":"post","link":"https:\/\/contraluzcucuta.co\/?p=27789","title":{"rendered":"60 A\u00d1OS DE LA DI\u00d3CESIS. Papa Francisco concede A\u00f1o Santo Jubilar"},"content":{"rendered":"<p><strong>C\u00daCUTA.-<\/strong> El papa Francisco concedi\u00f3 un A\u00f1o Santo Jubilar a a la Di\u00f3cesis de C\u00facuta, con ocasi\u00f3n de los 60 a\u00f1os de creaci\u00f3n, erigida por la Carta Apost\u00f3lica <em>Ecclesiarum Omnium<\/em>, del Siervo de Dios, Papa P\u00edo XII, el 29 de mayo de 1956. La Indulgencia Plenaria iniciar\u00e1 el el 26 de agosto y finalizar\u00e1 en agosto del 2017.<\/p>\n<p>\u201cEste gran regalo que el Papa nos ha hecho es un don de gracia\u201d, dijo monse\u00f1or V\u00edctor Manuel Ochoa. En este periodo \u201cvamos a poder lucrar la Indulgencia Plenaria por los vivos, por los difuntos y para los enfermos de la Di\u00f3cesis de C\u00facuta\u201d.<\/p>\n<p>Los templos escogidos son la Santa Iglesia Catedral de San Jos\u00e9, la parroquia San Antonio de Padua, los Santuarios de Nuestra Se\u00f1ora de Chiquinquir\u00e1, en San Luis, y Nuestra Se\u00f1ora de Lourdes (Lourdes). \u201cEste es un don inmenso: C\u00facuta seguir\u00e1 teniendo el Jubileo\u201d, dijo el obispo Ochoa.<\/p>\n<p>El A\u00f1o Santo Jubilar es un tiempo de gracia y de bendici\u00f3n, de perd\u00f3n de los pecados. Es un a\u00f1o para recibir la abundancia de la misericordia de Dios, profundizando en la relaci\u00f3n con \u00c9l y con el pr\u00f3jimo. Cada A\u00f1o Santo es una oportunidad para alimentar la fe y renovar el compromiso de ser testimonio de Cristo.<\/p>\n<p>\u00bfC\u00f3mo se vivir\u00e1 el A\u00f1o Santo Jubilar?<\/p>\n<p>1.- El 26 de agosto, a las 12:00 del d\u00eda, se abrir\u00e1n los templos en las parroquias, habr\u00e1 repique de campanas y rezo del \u00c1ngelus (instalar\u00a0 logo del A\u00f1o Santo).<\/p>\n<p>2.- Izar la bandera blanca en las casas.<\/p>\n<p>3.- Concentraci\u00f3n y lucernario. En el parque Col\u00f3n, para salir, desde all\u00ed, donde se ubica la primera capilla que se construy\u00f3 despu\u00e9s del terremoto (1875), hac\u00eda la Catedral de San Jos\u00e9. Llevar camisetas del color de las Vicar\u00edas.<\/p>\n<p>4.- Procesi\u00f3n con la imagen de Nuestra Se\u00f1ora de C\u00facuta<\/p>\n<p>5.- Celebraci\u00f3n eucar\u00edstica<\/p>\n<p>6.- Fuegos\u00a0 Artificiales.<\/p>\n<p><a href=\"La%20Di\u00f3cesis%20de%20C\u00facuta%20(en%20lat\u00edn%20Dioecesis%20Cucutensis)%20es%20una%20jurisdicci\u00f3n%20eclesi\u00e1stica%20de%20la%20Iglesia%20Cat\u00f3lica%20en%20Colombia,%20con%20sede%20en%20la%20ciudad%20C\u00facuta,%20capital%20del%20departamento%20de%20Norte%20de%20Santander%20y%20hace%20parte%20de%20la%20provincia%20eclesi\u00e1stica%20de%20Nueva%20Pampl\">La Di\u00f3cesis de C\u00facuta<\/a> (en lat\u00edn Dioecesis Cucutensis) es una jurisdicci\u00f3n eclesi\u00e1stica de la Iglesia Cat\u00f3lica en Colombia. Hace parte de la provincia eclesi\u00e1stica de Nueva Pamplona. Fue erigida, el 29 de mayo de 1956, por el papa P\u00edo XII. Cuenta con 2200 km\u00b2, conformados por 11 municipios y el corregimiento El Carmen de Nazareth (Salazar).<\/p>\n<p>En seis d\u00e9cadas han estado al frente de la Di\u00f3cesis:<\/p>\n<p>1.- Monse\u00f1or Luis P\u00e9rez Hern\u00e1ndez<\/p>\n<p>2.- Monse\u00f1or Pablo Correa Le\u00f3n<\/p>\n<p>3.- Monse\u00f1or Pedro Rubiano S\u00e1enz<\/p>\n<p>4.- Monse\u00f1or Luis Alberto Giraldo Jaramillo<\/p>\n<p>5.- Monse\u00f1or Rub\u00e9n Salazar G\u00f3mez<\/p>\n<p>6.- Monse\u00f1or Oscar Urbina Ortega<\/p>\n<p>7.- Jaime Prieto Amaya<\/p>\n<p>8.- Julio C\u00e9sar Vidal Ortiz<\/p>\n<p>9.- V\u00edctor Manuel Ochoa<\/p>\n<p><strong>Foto: www.huffingtonpost.e<\/strong> <\/p>\n","protected":false},"excerpt":{"rendered":"<p>C\u00daCUTA.- El papa Francisco concedi\u00f3 un A\u00f1o Santo Jubilar a a la Di\u00f3cesis de C\u00facuta, con ocasi\u00f3n de los 60 a\u00f1os de creaci\u00f3n, erigida por la Carta Apost\u00f3lica Ecclesiarum Omnium, del Siervo de Dios, Papa P\u00edo XII, el 29 de mayo de 1956. La Indulgencia Plenaria iniciar\u00e1 el el 26 de agosto y finalizar\u00e1 en &hellip;<\/p>\n","protected":false},"author":1,"featured_media":27790,"comment_status":"open","ping_status":"open","sticky":false,"template":"","format":"standard","meta":{"footnotes":""},"categories":[45,4],"tags":[3118,8,594],"class_list":["post-27789","post","type-post","status-publish","format-standard","has-post-thumbnail","hentry","category-destacado","category-barra","tag-ano-santo-jubilar","tag-diocesis-de-cucuta","tag-papa-francisco"],"_links":{"self":[{"href":"https:\/\/contraluzcucuta.co\/index.php?rest_route=\/wp\/v2\/posts\/27789","targetHints":{"allow":["GET"]}}],"collection":[{"href":"https:\/\/contraluzcucuta.co\/index.php?rest_route=\/wp\/v2\/posts"}],"about":[{"href":"https:\/\/contraluzcucuta.co\/index.php?rest_route=\/wp\/v2\/types\/post"}],"author":[{"embeddable":true,"href":"https:\/\/contraluzcucuta.co\/index.php?rest_route=\/wp\/v2\/users\/1"}],"replies":[{"embeddable":true,"href":"https:\/\/contraluzcucuta.co\/index.php?rest_route=%2Fwp%2Fv2%2Fcomments&post=27789"}],"version-history":[{"count":1,"href":"https:\/\/contraluzcucuta.co\/index.php?rest_route=\/wp\/v2\/posts\/27789\/revisions"}],"predecessor-version":[{"id":27791,"href":"https:\/\/contraluzcucuta.co\/index.php?rest_route=\/wp\/v2\/posts\/27789\/revisions\/27791"}],"wp:featuredmedia":[{"embeddable":true,"href":"https:\/\/contraluzcucuta.co\/index.php?rest_route=\/wp\/v2\/media\/27790"}],"wp:attachment":[{"href":"https:\/\/contraluzcucuta.co\/index.php?rest_route=%2Fwp%2Fv2%2Fmedia&parent=27789"}],"wp:term":[{"taxonomy":"category","embeddable":true,"href":"https:\/\/contraluzcucuta.co\/index.php?rest_route=%2Fwp%2Fv2%2Fcategories&post=27789"},{"taxonomy":"post_tag","embeddable":true,"href":"https:\/\/contraluzcucuta.co\/index.php?rest_route=%2Fwp%2Fv2%2Ftags&post=27789"}],"curies":[{"name":"wp","href":"https:\/\/api.w.org\/{rel}","templated":true}]}}