{"id":27782,"date":"2016-08-05T12:21:03","date_gmt":"2016-08-05T17:21:03","guid":{"rendered":"http:\/\/contraluzcucuta.co\/?p=27782"},"modified":"2016-08-05T12:21:03","modified_gmt":"2016-08-05T17:21:03","slug":"la-bagatela-premios-para-periodistas-de-norte-de-santander","status":"publish","type":"post","link":"https:\/\/contraluzcucuta.co\/?p=27782","title":{"rendered":"LA BAGATELA. Premios para periodistas de Norte de Santander"},"content":{"rendered":"<p><strong>C\u00daCUTA.<\/strong>&#8211; El C\u00edrculo de Periodistas y Comunicadores Norte de Santander (CPC) entreg\u00f3 los premios \u2018La Bagatela\u2019 a trabajos desarrollados en diferentes modalidades. La ceremonia se cumpli\u00f3, este jueves, en Villa del Rosario.<\/p>\n<p>Los ganadores son los siguientes:<\/p>\n<p>1.- PRENSA. La Rep\u00fablica independiente de la coca<\/p>\n<p>Autores: Karina Judex Balaguera y Cristian Herrera Nari\u00f1o. Peri\u00f3dico: La Opini\u00f3n<\/p>\n<p>2.- RADIO. Entrevista a Javier Osuna, autor del libro \u2018Me hablar\u00e1s del fuego, los hornos de la infamia\u2019.<\/p>\n<p>Autor: Erlin Kewin Santos Aparicio. Emisora 95.2 UFPS<\/p>\n<p>3.- TELEVISI\u00d3N. 55 a\u00f1os Universidad de Pamplona.<\/p>\n<p>Autor: Mario Enrique Guti\u00e9rrez. Canal TRO.<\/p>\n<p>4.- FOTOGRAF\u00cdA. Al l\u00edmite<\/p>\n<p>Autor: Schneider Mendoza. Medios: La Opini\u00f3n, El Espectador, El Tiempo, Agencia AFP.<\/p>\n<p>5.- MEDIOS DIGITALES. Deportados, m\u00e1s ac\u00e1 de la frontera<\/p>\n<p>Autor: Rodrigo Sandoval. Medio digital: P\u00e1gina web La Opini\u00f3n<\/p>\n<p>6.- CINE DOCUMENTAL. En lo profundo del alma espantan<\/p>\n<p>Autora: Soraines Paola Galvis Garc\u00eda, se proyect\u00f3 el 15 de diciembre en la plaza San Francisco (Oca\u00f1a).<\/p>\n<p>7.- TESIS DE GRADO. Formas de representaci\u00f3n de la comunidad ind\u00edgena Motil\u00f3n Bar\u00ed, en sus contenidos medi\u00e1ticos.<\/p>\n<p>Autora: Aurora Nataly Santos Perdomo, UFPS Programa de Comunicaci\u00f3n Social.<\/p>\n<p><strong>Foto: RAFAEL ANTONIO CAMPEROS<\/strong> <\/p>\n","protected":false},"excerpt":{"rendered":"<p>C\u00daCUTA.&#8211; El C\u00edrculo de Periodistas y Comunicadores Norte de Santander (CPC) entreg\u00f3 los premios \u2018La Bagatela\u2019 a trabajos desarrollados en diferentes modalidades. La ceremonia se cumpli\u00f3, este jueves, en Villa del Rosario. Los ganadores son los siguientes: 1.- PRENSA. La Rep\u00fablica independiente de la coca Autores: Karina Judex Balaguera y Cristian Herrera Nari\u00f1o. Peri\u00f3dico: La &hellip;<\/p>\n","protected":false},"author":1,"featured_media":27783,"comment_status":"open","ping_status":"open","sticky":false,"template":"","format":"standard","meta":{"footnotes":""},"categories":[45,37],"tags":[3117,2809,3116],"class_list":["post-27782","post","type-post","status-publish","format-standard","has-post-thumbnail","hentry","category-destacado","category-paseo-cultural","tag-ganadores-la-bagatela","tag-periodistas-de-norte-de-santander","tag-premio-la-bagatela"],"_links":{"self":[{"href":"https:\/\/contraluzcucuta.co\/index.php?rest_route=\/wp\/v2\/posts\/27782","targetHints":{"allow":["GET"]}}],"collection":[{"href":"https:\/\/contraluzcucuta.co\/index.php?rest_route=\/wp\/v2\/posts"}],"about":[{"href":"https:\/\/contraluzcucuta.co\/index.php?rest_route=\/wp\/v2\/types\/post"}],"author":[{"embeddable":true,"href":"https:\/\/contraluzcucuta.co\/index.php?rest_route=\/wp\/v2\/users\/1"}],"replies":[{"embeddable":true,"href":"https:\/\/contraluzcucuta.co\/index.php?rest_route=%2Fwp%2Fv2%2Fcomments&post=27782"}],"version-history":[{"count":1,"href":"https:\/\/contraluzcucuta.co\/index.php?rest_route=\/wp\/v2\/posts\/27782\/revisions"}],"predecessor-version":[{"id":27784,"href":"https:\/\/contraluzcucuta.co\/index.php?rest_route=\/wp\/v2\/posts\/27782\/revisions\/27784"}],"wp:featuredmedia":[{"embeddable":true,"href":"https:\/\/contraluzcucuta.co\/index.php?rest_route=\/wp\/v2\/media\/27783"}],"wp:attachment":[{"href":"https:\/\/contraluzcucuta.co\/index.php?rest_route=%2Fwp%2Fv2%2Fmedia&parent=27782"}],"wp:term":[{"taxonomy":"category","embeddable":true,"href":"https:\/\/contraluzcucuta.co\/index.php?rest_route=%2Fwp%2Fv2%2Fcategories&post=27782"},{"taxonomy":"post_tag","embeddable":true,"href":"https:\/\/contraluzcucuta.co\/index.php?rest_route=%2Fwp%2Fv2%2Ftags&post=27782"}],"curies":[{"name":"wp","href":"https:\/\/api.w.org\/{rel}","templated":true}]}}