{"id":27763,"date":"2016-08-04T21:45:09","date_gmt":"2016-08-05T02:45:09","guid":{"rendered":"http:\/\/contraluzcucuta.co\/?p=27763"},"modified":"2016-08-04T21:45:09","modified_gmt":"2016-08-05T02:45:09","slug":"consejo-de-estado-william-villamizar-pierde-investidura-de-gobernador","status":"publish","type":"post","link":"https:\/\/contraluzcucuta.co\/?p=27763","title":{"rendered":"CONSEJO DE ESTADO. William Villamizar pierde investidura de Gobernador"},"content":{"rendered":"<p><strong>C\u00daCUTA.-<\/strong> En el periodo 2002 \u2013 2003, William Villamizar actuaba como concejal de C\u00facuta. En esa \u00e9poca, junto con los compa\u00f1eros de corporaci\u00f3n, aprob\u00f3 el proyecto de acuerdo que creaba como factores salariales unas bonificaciones por servicios prestados a los empleados del municipio. El Concejo no ten\u00eda esa facultad.<\/p>\n<p>Esa firma en el documento, luego de 13 a\u00f1os, llev\u00f3 al Consejo de Estado a decretar, ayer, la p\u00e9rdida de investidura como Gobernador de Norte de Santander. Villamizar Laguado, candidato por el Partido de la U y el Partido Liberal, obtuvo 228.816 votos (41,03 % de la votaci\u00f3n en el departamento). Lo sigui\u00f3 Juan Carlos Garc\u00eda \u2013 Herreros, del Partido Conservador Colombiano, con 139.709 votos (25,05 %).<\/p>\n<p>Los concejales de la \u00e9poca que incurrieron en la indebida destinaci\u00f3n de dineros p\u00fablicos son Javier Prieto, Saide Lindarte, Rodolfo Torres, Abel Moreno, Luis Guevara, Carlos Arturo Torres, Julio V\u00e9lez, Margarita S\u00e1nchez, Margarita Silva, Mario L\u00f3pez, Roc\u00edo D\u00e1vila y Edgar D\u00edaz (gobernador 2012 \u2013 2015).<\/p>\n<p>Los recursos aprobados se entregaron a empleados del resorte central del gobierno municipal y no a los trabajadores del Concejo.<\/p>\n<p>La noticia tom\u00f3 a William Villamizar en Caracas, donde hace parte de la delegaci\u00f3n colombiana que particip\u00f3 con la canciller Mar\u00eda \u00c1ngel Holgu\u00edn en los di\u00e1logos con la canciller\u00eda venezolana para buscar la reapertura de la frontera. El tr\u00e1nsito automotor y de personas est\u00e1 cerrada desde agosto del 2015, por orden del presidente Nicol\u00e1s Maduro.<\/p>\n<p>La p\u00e9rdida de investidura de William Villamizar tiene una inhabilidad sobreviniente, que surge despu\u00e9s de haber sido elegido Gobernador de Norte de Santander.<\/p>\n<p>En el departamento se est\u00e1 a la expectativa de qu\u00e9 pueda suceder con el futuro de Villamizar Laguado. El fallo podr\u00eda llevar a la convocatoria de nuevas elecciones para suplir el cargo. En el camino queda el trabajo iniciado por el gobernador con el lema \u2018Un Norte productivo para todos\u2019.<\/p>\n<p>El Consejo de Estado revoc\u00f3 la sentencia del Tribunal Administrativo de Norte de Santander que fall\u00f3 a favor de William Villamizar.<\/p>\n<p><strong>Foto: PRENSA GOBERNACI\u00d3N<\/strong><\/p>\n<p>&nbsp; <\/p>\n","protected":false},"excerpt":{"rendered":"<p>C\u00daCUTA.- En el periodo 2002 \u2013 2003, William Villamizar actuaba como concejal de C\u00facuta. En esa \u00e9poca, junto con los compa\u00f1eros de corporaci\u00f3n, aprob\u00f3 el proyecto de acuerdo que creaba como factores salariales unas bonificaciones por servicios prestados a los empleados del municipio. El Concejo no ten\u00eda esa facultad. Esa firma en el documento, luego &hellip;<\/p>\n","protected":false},"author":1,"featured_media":27765,"comment_status":"open","ping_status":"open","sticky":false,"template":"","format":"standard","meta":{"footnotes":""},"categories":[4,2630],"tags":[1370,2092],"class_list":["post-27763","post","type-post","status-publish","format-standard","has-post-thumbnail","hentry","category-barra","category-gobernacion","tag-gobernador-de-norte-de-santander","tag-william-villamizar"],"_links":{"self":[{"href":"https:\/\/contraluzcucuta.co\/index.php?rest_route=\/wp\/v2\/posts\/27763","targetHints":{"allow":["GET"]}}],"collection":[{"href":"https:\/\/contraluzcucuta.co\/index.php?rest_route=\/wp\/v2\/posts"}],"about":[{"href":"https:\/\/contraluzcucuta.co\/index.php?rest_route=\/wp\/v2\/types\/post"}],"author":[{"embeddable":true,"href":"https:\/\/contraluzcucuta.co\/index.php?rest_route=\/wp\/v2\/users\/1"}],"replies":[{"embeddable":true,"href":"https:\/\/contraluzcucuta.co\/index.php?rest_route=%2Fwp%2Fv2%2Fcomments&post=27763"}],"version-history":[{"count":1,"href":"https:\/\/contraluzcucuta.co\/index.php?rest_route=\/wp\/v2\/posts\/27763\/revisions"}],"predecessor-version":[{"id":27766,"href":"https:\/\/contraluzcucuta.co\/index.php?rest_route=\/wp\/v2\/posts\/27763\/revisions\/27766"}],"wp:featuredmedia":[{"embeddable":true,"href":"https:\/\/contraluzcucuta.co\/index.php?rest_route=\/wp\/v2\/media\/27765"}],"wp:attachment":[{"href":"https:\/\/contraluzcucuta.co\/index.php?rest_route=%2Fwp%2Fv2%2Fmedia&parent=27763"}],"wp:term":[{"taxonomy":"category","embeddable":true,"href":"https:\/\/contraluzcucuta.co\/index.php?rest_route=%2Fwp%2Fv2%2Fcategories&post=27763"},{"taxonomy":"post_tag","embeddable":true,"href":"https:\/\/contraluzcucuta.co\/index.php?rest_route=%2Fwp%2Fv2%2Ftags&post=27763"}],"curies":[{"name":"wp","href":"https:\/\/api.w.org\/{rel}","templated":true}]}}