{"id":27760,"date":"2016-08-04T16:08:02","date_gmt":"2016-08-04T21:08:02","guid":{"rendered":"http:\/\/contraluzcucuta.co\/?p=27760"},"modified":"2016-08-04T16:08:02","modified_gmt":"2016-08-04T21:08:02","slug":"velada-cultural-punto-klave-y-los-exitos-de-los-billos-y-los-melodicos","status":"publish","type":"post","link":"https:\/\/contraluzcucuta.co\/?p=27760","title":{"rendered":"VELADA CULTURAL. Punto Klave y los \u00e9xitos de los Billo\u2019s y Los Mel\u00f3dicos"},"content":{"rendered":"<p><strong>C\u00daCUTA.-<\/strong> \u2018Brinca la cuerda\u2019 y \u2018Palmira Se\u00f1orial\u2019 ser\u00e1n algunas de las canciones de las dos grandes agrupaciones venezolanas\u00a0 de los a\u00f1os 50, Los Billo\u2019s y Los Mel\u00f3dicos, que estar\u00e1n \u00a0en la Velada Cultural, el 5 de agosto.<\/p>\n<p>Punto Klave ser\u00e1 el grupo encargado de traer los \u00e9xitos de las inolvidables orquestas de todos los tiempos. Los asistentes est\u00e1n invitados, a partir de las 7:00 de la noche, para disfrutar de este acto que integra a las familias cucute\u00f1as, en un ambiente de armon\u00eda y paz.<\/p>\n<p>Los talentos espont\u00e1neos tambi\u00e9n son bienvenidos a las veladas culturales. Aguas Kpital C\u00facuta una empresa que fomenta el arte y la cultural en la ciudad.<\/p>\n<p><strong>Foto: PRENSA AGUAS KPITAL<\/strong> <\/p>\n","protected":false},"excerpt":{"rendered":"<p>C\u00daCUTA.- \u2018Brinca la cuerda\u2019 y \u2018Palmira Se\u00f1orial\u2019 ser\u00e1n algunas de las canciones de las dos grandes agrupaciones venezolanas\u00a0 de los a\u00f1os 50, Los Billo\u2019s y Los Mel\u00f3dicos, que estar\u00e1n \u00a0en la Velada Cultural, el 5 de agosto. Punto Klave ser\u00e1 el grupo encargado de traer los \u00e9xitos de las inolvidables orquestas de todos los tiempos. &hellip;<\/p>\n","protected":false},"author":1,"featured_media":27761,"comment_status":"open","ping_status":"open","sticky":false,"template":"","format":"standard","meta":{"footnotes":""},"categories":[45],"tags":[1270,2257],"class_list":["post-27760","post","type-post","status-publish","format-standard","has-post-thumbnail","hentry","category-destacado","tag-aguas-kpital-cucuta","tag-veladas-culturales"],"_links":{"self":[{"href":"https:\/\/contraluzcucuta.co\/index.php?rest_route=\/wp\/v2\/posts\/27760","targetHints":{"allow":["GET"]}}],"collection":[{"href":"https:\/\/contraluzcucuta.co\/index.php?rest_route=\/wp\/v2\/posts"}],"about":[{"href":"https:\/\/contraluzcucuta.co\/index.php?rest_route=\/wp\/v2\/types\/post"}],"author":[{"embeddable":true,"href":"https:\/\/contraluzcucuta.co\/index.php?rest_route=\/wp\/v2\/users\/1"}],"replies":[{"embeddable":true,"href":"https:\/\/contraluzcucuta.co\/index.php?rest_route=%2Fwp%2Fv2%2Fcomments&post=27760"}],"version-history":[{"count":1,"href":"https:\/\/contraluzcucuta.co\/index.php?rest_route=\/wp\/v2\/posts\/27760\/revisions"}],"predecessor-version":[{"id":27762,"href":"https:\/\/contraluzcucuta.co\/index.php?rest_route=\/wp\/v2\/posts\/27760\/revisions\/27762"}],"wp:featuredmedia":[{"embeddable":true,"href":"https:\/\/contraluzcucuta.co\/index.php?rest_route=\/wp\/v2\/media\/27761"}],"wp:attachment":[{"href":"https:\/\/contraluzcucuta.co\/index.php?rest_route=%2Fwp%2Fv2%2Fmedia&parent=27760"}],"wp:term":[{"taxonomy":"category","embeddable":true,"href":"https:\/\/contraluzcucuta.co\/index.php?rest_route=%2Fwp%2Fv2%2Fcategories&post=27760"},{"taxonomy":"post_tag","embeddable":true,"href":"https:\/\/contraluzcucuta.co\/index.php?rest_route=%2Fwp%2Fv2%2Ftags&post=27760"}],"curies":[{"name":"wp","href":"https:\/\/api.w.org\/{rel}","templated":true}]}}