{"id":27753,"date":"2016-08-03T15:10:36","date_gmt":"2016-08-03T20:10:36","guid":{"rendered":"http:\/\/contraluzcucuta.co\/?p=27753"},"modified":"2016-08-03T15:10:36","modified_gmt":"2016-08-03T20:10:36","slug":"plan-de-contingencia-cucuta-se-prepara-para-la-llegada-de-la-nina","status":"publish","type":"post","link":"https:\/\/contraluzcucuta.co\/?p=27753","title":{"rendered":"PLAN DE CONTINGENCIA. C\u00facuta se prepara para\u00a0 la llegada de la Ni\u00f1a"},"content":{"rendered":"<p><strong>C\u00daCUTA.-<\/strong> El Sistema Municipal de Gesti\u00f3n del Riesgo reactiv\u00f3 el Plan de Contingencia ante la proximidad del Fen\u00f3meno de La Ni\u00f1a. Los pron\u00f3sticos apuntan a que la temporada de lluvias comenzar\u00e1 en el pr\u00f3ximo trimestre del a\u00f1o. El Ideam no descarta que la intensidad sea similar a las temporadas de 2009 y 2010, a\u00f1os en los muchas familias resultaron damnificadas en la ciudad.<\/p>\n<p>Para afrontar el Fen\u00f3meno se determin\u00f3 establecer el monitoreo\u00a0\u00a0 permanente en las zonas de mayor vulnerabilidad y focalizadas como \u00e1reas de alto riesgo en los sectores rural y urbano.<\/p>\n<p>F\u00e9lix Mu\u00f1oz, director del Sistema, dijo que trabajan en la limpieza de alcantarillas, mantenimiento correctivo de adecuaciones hidr\u00e1ulicas, para evitar inundaciones y deslizamientos de tierra. La atenci\u00f3n se concentra en los barrios Tucunar\u00e9, San Rafael, Virgilio Barco, Do\u00f1a Nidia, 7 de Agosto, Transversal 17 y Palmeras, y la\u00a0 Avenida del\u00a0 Club Tenis.<\/p>\n<p>El\u00a0 Plan de Contingencia se ha extendido a los corregimientos Palmarito y Banco de Arena, en donde hay lluvias de baja intensidad. La Oficina de Gesti\u00f3n del Riesgo pidi\u00f3 a la ciudadan\u00eda no arrojar basuras en los drenajes\u00a0 para evitar represamiento de aguas.<\/p>\n<p><strong>Priorizaci\u00f3n de proyectos<\/strong><\/p>\n<p>El Sistema Municipal para la Gesti\u00f3n del Riesgo, luego del estudio t\u00e9cnico elaborado con la ONG Fundaci\u00f3n Social Desarrollo Sin Fronteras, viabiliz\u00f3 42 proyectos que dar\u00e1n paso a obras de adecuaci\u00f3n y recuperaci\u00f3n de sectores de alto riesgo.<\/p>\n<p>C\u00facuta tiene, por lo menos, 24 sectores que presentan alta incidencia de amenaza, por la fragilidad de los terrenos. Constantemente se generan deslizamientos e inundaciones en los barrios Palmeras (parte alta), Nuevo Horizonte, 7 de Agosto y Belisario.<\/p>\n<p>Los estudios viabilizados se\u00f1alan que en Tucunar\u00e9, San Rafael, Virgilio Barco y Palmeras existen deslizamientos activos y constantes que generan grave peligro para la comunidad. Es necesaria la ejecuci\u00f3n de obras de mitigaci\u00f3n.<\/p>\n<p>En la zona rural se visitaron 18 comunidades afectadas, en la mayor\u00eda por\u00a0 crecientes de la quebrada la Floresta, y los r\u00edos Zulia, Pamplonita y Guaramito.<\/p>\n<p>Los proyectos ser\u00e1n presentados a la Unidad Nacional para la Gesti\u00f3n del Riesgo para la aprobaci\u00f3n e inicio de los trabajos de recuperaci\u00f3n de los sectores afectados y convertirlos en sitios seguros para la comunidad. El estudio ser\u00e1 socializado en los pr\u00f3ximos d\u00edas con el Consejo Municipal de Gesti\u00f3n del Riesgo.<\/p>\n<p><strong>Foto: PRENSA ALCALD\u00cdA<\/strong><\/p>\n<p>&nbsp; <\/p>\n","protected":false},"excerpt":{"rendered":"<p>C\u00daCUTA.- El Sistema Municipal de Gesti\u00f3n del Riesgo reactiv\u00f3 el Plan de Contingencia ante la proximidad del Fen\u00f3meno de La Ni\u00f1a. Los pron\u00f3sticos apuntan a que la temporada de lluvias comenzar\u00e1 en el pr\u00f3ximo trimestre del a\u00f1o. El Ideam no descarta que la intensidad sea similar a las temporadas de 2009 y 2010, a\u00f1os en &hellip;<\/p>\n","protected":false},"author":1,"featured_media":27754,"comment_status":"open","ping_status":"open","sticky":false,"template":"","format":"standard","meta":{"footnotes":""},"categories":[4,6],"tags":[226,3111,3110],"class_list":["post-27753","post","type-post","status-publish","format-standard","has-post-thumbnail","hentry","category-barra","category-ojo-avizor","tag-alcaldia-de-cucuta","tag-plan-de-contingencia","tag-sistema-municipal-de-gestion-del-riesgo"],"_links":{"self":[{"href":"https:\/\/contraluzcucuta.co\/index.php?rest_route=\/wp\/v2\/posts\/27753","targetHints":{"allow":["GET"]}}],"collection":[{"href":"https:\/\/contraluzcucuta.co\/index.php?rest_route=\/wp\/v2\/posts"}],"about":[{"href":"https:\/\/contraluzcucuta.co\/index.php?rest_route=\/wp\/v2\/types\/post"}],"author":[{"embeddable":true,"href":"https:\/\/contraluzcucuta.co\/index.php?rest_route=\/wp\/v2\/users\/1"}],"replies":[{"embeddable":true,"href":"https:\/\/contraluzcucuta.co\/index.php?rest_route=%2Fwp%2Fv2%2Fcomments&post=27753"}],"version-history":[{"count":1,"href":"https:\/\/contraluzcucuta.co\/index.php?rest_route=\/wp\/v2\/posts\/27753\/revisions"}],"predecessor-version":[{"id":27755,"href":"https:\/\/contraluzcucuta.co\/index.php?rest_route=\/wp\/v2\/posts\/27753\/revisions\/27755"}],"wp:featuredmedia":[{"embeddable":true,"href":"https:\/\/contraluzcucuta.co\/index.php?rest_route=\/wp\/v2\/media\/27754"}],"wp:attachment":[{"href":"https:\/\/contraluzcucuta.co\/index.php?rest_route=%2Fwp%2Fv2%2Fmedia&parent=27753"}],"wp:term":[{"taxonomy":"category","embeddable":true,"href":"https:\/\/contraluzcucuta.co\/index.php?rest_route=%2Fwp%2Fv2%2Fcategories&post=27753"},{"taxonomy":"post_tag","embeddable":true,"href":"https:\/\/contraluzcucuta.co\/index.php?rest_route=%2Fwp%2Fv2%2Ftags&post=27753"}],"curies":[{"name":"wp","href":"https:\/\/api.w.org\/{rel}","templated":true}]}}