{"id":27750,"date":"2016-08-03T14:57:36","date_gmt":"2016-08-03T19:57:36","guid":{"rendered":"http:\/\/contraluzcucuta.co\/?p=27750"},"modified":"2016-08-03T14:57:36","modified_gmt":"2016-08-03T19:57:36","slug":"proyecto-diamante-caribe-turismo-arcilla-y-agroindustria-lineas-priorizadas","status":"publish","type":"post","link":"https:\/\/contraluzcucuta.co\/?p=27750","title":{"rendered":"PROYECTO DIAMANTE CARIBE. Turismo, arcilla y agroindustria, l\u00edneas priorizadas"},"content":{"rendered":"<p><strong>C\u00daCUTA.-<\/strong> El proyecto Diamante Caribe y Santanderes de Colombia defini\u00f3 para Norte de Santander tres sectores para priorizar los proyectos en la regi\u00f3n. De esa manera se \u00a0acelerar\u00e1 la competitividad y se impulsar\u00e1 su papel como motor econ\u00f3mico del desarrollo. Adem\u00e1s, busca integrar propuestas de intervenci\u00f3n en el territorio y facilitar el acceso a las nuevas tecnolog\u00edas digitales al servicio de la poblaci\u00f3n.<\/p>\n<p>Lenka Bucckova, gerente de Diamante Caribe Santanderes, dijo \u00a0que, luego de analizar una serie de propuestas \u00a0en el departamento, se concluy\u00f3 que la productividad es un enfoque claro para generar elementos que permitan sacar el m\u00e1ximo partido a la iniciativa. La nueva relaci\u00f3n entre el campo y la ciudad generar\u00e1 mejores oportunidades para el desarrollo en los pr\u00f3ximos a\u00f1os.<\/p>\n<p>Las tres l\u00edneas priorizadas se distribuyeron as\u00ed:<\/p>\n<p>1.- Turismo. A cargo de la Comisi\u00f3n de Competitividad del departamento<\/p>\n<p>2.- Fomento a la arcilla. A cargo de Camacol<\/p>\n<p>3.- Desarrollo de la agroindustria. Encabezado por la Gobernaci\u00f3n de Norte de Santander.<\/p>\n<p>El Diamante Caribe reconoce la importancia que tiene el departamento para el pa\u00eds. Es un proyecto nacional que tiene efectos regionales y locales. Lo que pasa tambi\u00e9n con la doble calzada Pamplona &#8211; Bucaramanga, pero en el departamento. Tambi\u00e9n, se tienen proyectos en infraestructura educativa y en lo social.<\/p>\n<p>A partir de esta semana, los encargados de las tres l\u00edneas se encargar\u00e1n de liderar mesas de trabajo para definir proyectos puntuales que ser\u00e1n escogidos para gestionar inversi\u00f3n nacional.<\/p>\n<p>En la reuni\u00f3n participaron alcaldes, representante de los gremios, delegados de la C\u00e1mara de Comercio, Camacol y del gobierno departamental.<\/p>\n<p>El proyecto se desarrolla hace dos a\u00f1os y est\u00e1 en la \u00faltima etapa de ejecuci\u00f3n. El objetivo es incrementar la competitividad en la regi\u00f3n a partir de la base que los departamentos son complementarios y que hay sectores productivos que deber\u00edan unirse. \u201cLos proyectos productivos no pueden obedecer a l\u00edmites pol\u00edticos administrativos, sino que se deben hacer en conjunto entre varios departamentos\u201d, dijo Lenka Bucckova.<\/p>\n<p>Findeter articula a los sectores con el Gobierno y el departamento, pero es importante que haya dolientes y l\u00edderes para cada iniciativa para que salgan adelante. La Comisi\u00f3n de Competitividad estar\u00e1 al frente del turismo;\u00a0 Camacol, de la arcilla, y la Gobernaci\u00f3n de la agroindustria. El siguiente paso ser\u00e1 consolidar las mesas d trabajo.<\/p>\n<p><strong>Foto: PRENSA GOBERNACI\u00d3N<\/strong> <\/p>\n","protected":false},"excerpt":{"rendered":"<p>C\u00daCUTA.- El proyecto Diamante Caribe y Santanderes de Colombia defini\u00f3 para Norte de Santander tres sectores para priorizar los proyectos en la regi\u00f3n. De esa manera se \u00a0acelerar\u00e1 la competitividad y se impulsar\u00e1 su papel como motor econ\u00f3mico del desarrollo. Adem\u00e1s, busca integrar propuestas de intervenci\u00f3n en el territorio y facilitar el acceso a las &hellip;<\/p>\n","protected":false},"author":1,"featured_media":27751,"comment_status":"open","ping_status":"open","sticky":false,"template":"","format":"standard","meta":{"footnotes":""},"categories":[4,32],"tags":[3109,754],"class_list":["post-27750","post","type-post","status-publish","format-standard","has-post-thumbnail","hentry","category-barra","category-recorrido-por-la-region","tag-proyecto-diamante-caribe-y-santanderes","tag-turismo-en-norte-de-santander"],"_links":{"self":[{"href":"https:\/\/contraluzcucuta.co\/index.php?rest_route=\/wp\/v2\/posts\/27750","targetHints":{"allow":["GET"]}}],"collection":[{"href":"https:\/\/contraluzcucuta.co\/index.php?rest_route=\/wp\/v2\/posts"}],"about":[{"href":"https:\/\/contraluzcucuta.co\/index.php?rest_route=\/wp\/v2\/types\/post"}],"author":[{"embeddable":true,"href":"https:\/\/contraluzcucuta.co\/index.php?rest_route=\/wp\/v2\/users\/1"}],"replies":[{"embeddable":true,"href":"https:\/\/contraluzcucuta.co\/index.php?rest_route=%2Fwp%2Fv2%2Fcomments&post=27750"}],"version-history":[{"count":1,"href":"https:\/\/contraluzcucuta.co\/index.php?rest_route=\/wp\/v2\/posts\/27750\/revisions"}],"predecessor-version":[{"id":27752,"href":"https:\/\/contraluzcucuta.co\/index.php?rest_route=\/wp\/v2\/posts\/27750\/revisions\/27752"}],"wp:featuredmedia":[{"embeddable":true,"href":"https:\/\/contraluzcucuta.co\/index.php?rest_route=\/wp\/v2\/media\/27751"}],"wp:attachment":[{"href":"https:\/\/contraluzcucuta.co\/index.php?rest_route=%2Fwp%2Fv2%2Fmedia&parent=27750"}],"wp:term":[{"taxonomy":"category","embeddable":true,"href":"https:\/\/contraluzcucuta.co\/index.php?rest_route=%2Fwp%2Fv2%2Fcategories&post=27750"},{"taxonomy":"post_tag","embeddable":true,"href":"https:\/\/contraluzcucuta.co\/index.php?rest_route=%2Fwp%2Fv2%2Ftags&post=27750"}],"curies":[{"name":"wp","href":"https:\/\/api.w.org\/{rel}","templated":true}]}}