{"id":27735,"date":"2016-08-01T22:25:04","date_gmt":"2016-08-02T03:25:04","guid":{"rendered":"http:\/\/contraluzcucuta.co\/?p=27735"},"modified":"2016-08-02T06:06:51","modified_gmt":"2016-08-02T11:06:51","slug":"asamblea-prohiben-ingreso-de-menores-de-edad-corridas-de-toros-y-galleras","status":"publish","type":"post","link":"https:\/\/contraluzcucuta.co\/?p=27735","title":{"rendered":"ASAMBLEA. Proh\u00edben ingreso de menores de edad a corridas de toros y galleras"},"content":{"rendered":"<p><strong>C\u00daCUTA.-<\/strong> Los menores de edad no podr\u00e1n asistir a espect\u00e1culos en los que se maltrate a los animales. La prohibici\u00f3n qued\u00f3 expresa en la Ordenanza que adopt\u00f3 la Asamblea de Norte de Santander en el \u00faltimo ciclo de sesiones ordinarias. Los diputados tambi\u00e9n respaldaron la propuesta de no permitir que la administraci\u00f3n departamental financie actos de esa naturaleza.<\/p>\n<p>La iniciativa, propuesta por la Asamblea, va enfocada a:<\/p>\n<p>1.- La protecci\u00f3n de los animales<\/p>\n<p>2.- Restringir el patrocinio de esos espacios<\/p>\n<p>3.- La destinaci\u00f3n de recursos para la construcci\u00f3n o adecuaci\u00f3n de plazas de toros o de galleras.<\/p>\n<p>La Ordenanza establece que en la boleter\u00eda debe ir impresa la prohibici\u00f3n del ingreso a los menores de edad. \u201cEsa tarea deber\u00e1n cumplirla las alcald\u00edas&#8221;, dijo el gobernador William Villamizar.<\/p>\n<p>En Norte de Santander son tradicionales las corridas de toros en la mayor\u00eda de los 40 municipios. Los gobiernos locales en la programaci\u00f3n de las fiestas patronales incluyen este espect\u00e1culo para atraer a turistas. Las localidades, tambi\u00e9n, cuentan con plazas.<\/p>\n<p>Las peleas de gallos son comunes en C\u00facuta, aunque algunas de las galleras han desaparecido. En los pueblos se llevan a cabo en las ferias y fiestas anuales.<\/p>\n<p>Otras cuatro ordenanzas que tuvieo9rn el benepl\u00e1cito de los diputados son las siguientes:<\/p>\n<p>1.- Nueva jornada de descuento para los contribuyentes que deban el impuesto de veh\u00edculo. Aunque la rebaja no se har\u00e1 sobre el gravamen, si se ver\u00e1 reflejada una disminuci\u00f3n en los intereses y sanciones en la demora del pago.<\/p>\n<p>2.- Exoneraci\u00f3n del pago de la boleta fiscal a las familias que adelantan su proceso de restituci\u00f3n de tierras.<\/p>\n<p>3.- Se autoriz\u00f3 el cambio de la Secretar\u00eda de Atenci\u00f3n Integral a V\u00edctimas y ahora se llamar\u00e1 Secretar\u00eda de V\u00edctimas, Paz y Posconflicto.<\/p>\n<p>4.- Modificar la ampliaci\u00f3n del Consejo Territorial de Paz, permitiendo que tengan asiento asociaciones y grupos representativos que hab\u00edan quedado por fuera.<\/p>\n<p>El gobernador Villamizar aprovech\u00f3 el acto de cierre del ciclo de sesiones para reflexionar sobre la situaci\u00f3n de la frontera y consider\u00f3 \u00a0que debe permanecer abierta para buscar caminos y beneficios para el departamento.<\/p>\n<p>Record\u00f3 que mediante acercamientos con el gobierno venezolano se logr\u00f3 el paso de 120.000 ciudadanos para abastecerse de v\u00edveres y medicamentos que no tienen en el pa\u00eds vecino. \u201cHoy, existe una posibilidad muy cerca de apertura de la frontera\u201d.<\/p>\n<p><strong>Foto: \u00a0<a href=\"http:\/\/www.cachira.com\">www.cachira.com<\/a><\/strong><\/p>\n<p>&nbsp; <\/p>\n","protected":false},"excerpt":{"rendered":"<p>C\u00daCUTA.- Los menores de edad no podr\u00e1n asistir a espect\u00e1culos en los que se maltrate a los animales. La prohibici\u00f3n qued\u00f3 expresa en la Ordenanza que adopt\u00f3 la Asamblea de Norte de Santander en el \u00faltimo ciclo de sesiones ordinarias. Los diputados tambi\u00e9n respaldaron la propuesta de no permitir que la administraci\u00f3n departamental financie actos &hellip;<\/p>\n","protected":false},"author":1,"featured_media":27736,"comment_status":"open","ping_status":"open","sticky":false,"template":"","format":"standard","meta":{"footnotes":""},"categories":[45,6,9],"tags":[688,3105,3106],"class_list":["post-27735","post","type-post","status-publish","format-standard","has-post-thumbnail","hentry","category-destacado","category-ojo-avizor","category-politica","tag-asamblea-de-norte-de-santander","tag-corridas-de-toros","tag-galleras"],"_links":{"self":[{"href":"https:\/\/contraluzcucuta.co\/index.php?rest_route=\/wp\/v2\/posts\/27735","targetHints":{"allow":["GET"]}}],"collection":[{"href":"https:\/\/contraluzcucuta.co\/index.php?rest_route=\/wp\/v2\/posts"}],"about":[{"href":"https:\/\/contraluzcucuta.co\/index.php?rest_route=\/wp\/v2\/types\/post"}],"author":[{"embeddable":true,"href":"https:\/\/contraluzcucuta.co\/index.php?rest_route=\/wp\/v2\/users\/1"}],"replies":[{"embeddable":true,"href":"https:\/\/contraluzcucuta.co\/index.php?rest_route=%2Fwp%2Fv2%2Fcomments&post=27735"}],"version-history":[{"count":1,"href":"https:\/\/contraluzcucuta.co\/index.php?rest_route=\/wp\/v2\/posts\/27735\/revisions"}],"predecessor-version":[{"id":27737,"href":"https:\/\/contraluzcucuta.co\/index.php?rest_route=\/wp\/v2\/posts\/27735\/revisions\/27737"}],"wp:featuredmedia":[{"embeddable":true,"href":"https:\/\/contraluzcucuta.co\/index.php?rest_route=\/wp\/v2\/media\/27736"}],"wp:attachment":[{"href":"https:\/\/contraluzcucuta.co\/index.php?rest_route=%2Fwp%2Fv2%2Fmedia&parent=27735"}],"wp:term":[{"taxonomy":"category","embeddable":true,"href":"https:\/\/contraluzcucuta.co\/index.php?rest_route=%2Fwp%2Fv2%2Fcategories&post=27735"},{"taxonomy":"post_tag","embeddable":true,"href":"https:\/\/contraluzcucuta.co\/index.php?rest_route=%2Fwp%2Fv2%2Ftags&post=27735"}],"curies":[{"name":"wp","href":"https:\/\/api.w.org\/{rel}","templated":true}]}}