{"id":27729,"date":"2016-08-01T21:28:08","date_gmt":"2016-08-02T02:28:08","guid":{"rendered":"http:\/\/contraluzcucuta.co\/?p=27729"},"modified":"2016-08-01T21:28:08","modified_gmt":"2016-08-02T02:28:08","slug":"crisis-en-venezuela-conferencia-episcopal-convoca-jornada-de-ayuno-y-oracion","status":"publish","type":"post","link":"https:\/\/contraluzcucuta.co\/?p=27729","title":{"rendered":"CRISIS EN VENEZUELA. Conferencia Episcopal convoca a jornada de ayuno y oraci\u00f3n"},"content":{"rendered":"<p><strong>CARACAS.-<\/strong> La Conferencia Episcopal Venezolana convoc\u00f3 para este 2 de agosto a ayunar y a orar por Venezuela. La jornada se cumplir\u00e1 durante las 24 horas del d\u00eda y ser\u00e1 una ocasi\u00f3n especial para pedir por la paz y la reconciliaci\u00f3n de los venezolanos.<\/p>\n<p>La situaci\u00f3n de los venezolanos es preocupante por la carencia de los elementos b\u00e1sicos de la canasta familiar, el incremento en la inseguridad y la p\u00e9rdida de la institucionalidad. El pueblo ha salido en repetidas ocasiones a clamar por justicia social.<\/p>\n<p>La iniciativa fue anunciada, el 12 de julio, durante la lectura de la exhortaci\u00f3n de la cent\u00e9sima sexta asamblea plenaria ordinaria del <a href=\"https:\/\/contraluzcucuta.co\/articulos\/conferencia-episcopal-democracia-venezolana-esta-resquebrajada\/\">episcopado venezolano<\/a>.<\/p>\n<p>&#8220;Como hijos de un mismo Padre y hermanos los unos de los otros, nos comprometemos en la construcci\u00f3n de la uni\u00f3n y de la paz. Invitamos con alegr\u00eda a todos los creyentes y a las mujeres y hombres de buena voluntad, a unirnos el pr\u00f3ximo dos de agosto, a la Jornada de ayuno y oraci\u00f3n, convocada por el Papa Francisco en As\u00eds, como una ocasi\u00f3n especial de pedir por la paz y la reconciliaci\u00f3n entre los venezolanos&#8221;, se\u00f1ala el <a href=\"https:\/\/contraluzcucuta.co\/articulos\/documento-exhortacion-de-la-conferencia-episcopal-venezolana\/\">documento suscrito por los obispos venezolanos<\/a>.<\/p>\n<p>El episcopado venezolano invita a no dejarse robar la esperanza que hace posible, con la ayuda de Dios, lo que parece imposible, para comunicar la esperanza de que reconciliados y en di\u00e1logo se encontrar\u00e1n soluciones eficaces a la crisis.<\/p>\n<p>\u201cLos venezolanos estamos atravesando por un momento crucial en los campos moral, econ\u00f3mico, pol\u00edtico y social. Ha disminuido dr\u00e1sticamente la calidad de vida. La escasez y carest\u00eda de alimentos, medicinas e insumos hospitalarios nos est\u00e1n llevando al borde de una crisis de seguridad alimentaria y sanitaria, con consecuencias sociales impredecibles. En la vida p\u00fablica, crecen la inseguridad, la impunidad y la represi\u00f3n militar\u201d, dice el documento.<\/p>\n<p>Cada d\u00eda, pero de manera especial para esta jornada se invita al pueblo venezolano a recitar la oraci\u00f3n por Venezuela, encomendando el pa\u00eds en las manos maternales de Nuestra Se\u00f1ora de Coromoto, patrona de Venezuela.<\/p>\n<p>\u201cLa democracia en Venezuela est\u00e1 resquebrajada, y el Gobierno y los otros poderes, que tienen la responsabilidad de o\u00edr y concertar con todos los sectores, no est\u00e1n haciendo lo suficiente para reconstruirla\u201d.<\/p>\n<p>Durante la jornada de ayuno y oraci\u00f3n se usar\u00e1 la etiqueta #esportiVenezuela<\/p>\n<p><strong>Foto: <a href=\"http:\/\/www.midiario.com\">www.midiario.com<\/a><\/strong><\/p>\n<p>&nbsp;<\/p>\n<p>&nbsp; <\/p>\n","protected":false},"excerpt":{"rendered":"<p>CARACAS.- La Conferencia Episcopal Venezolana convoc\u00f3 para este 2 de agosto a ayunar y a orar por Venezuela. La jornada se cumplir\u00e1 durante las 24 horas del d\u00eda y ser\u00e1 una ocasi\u00f3n especial para pedir por la paz y la reconciliaci\u00f3n de los venezolanos. La situaci\u00f3n de los venezolanos es preocupante por la carencia de &hellip;<\/p>\n","protected":false},"author":1,"featured_media":27730,"comment_status":"open","ping_status":"open","sticky":false,"template":"","format":"standard","meta":{"footnotes":""},"categories":[1326,4],"tags":[2504,1164,3104],"class_list":["post-27729","post","type-post","status-publish","format-standard","has-post-thumbnail","hentry","category-crisis-en-venezuela-2","category-barra","tag-conferencia-episcopal-venezolana","tag-crisis-en-venezuela","tag-obispos-de-venezuela"],"_links":{"self":[{"href":"https:\/\/contraluzcucuta.co\/index.php?rest_route=\/wp\/v2\/posts\/27729","targetHints":{"allow":["GET"]}}],"collection":[{"href":"https:\/\/contraluzcucuta.co\/index.php?rest_route=\/wp\/v2\/posts"}],"about":[{"href":"https:\/\/contraluzcucuta.co\/index.php?rest_route=\/wp\/v2\/types\/post"}],"author":[{"embeddable":true,"href":"https:\/\/contraluzcucuta.co\/index.php?rest_route=\/wp\/v2\/users\/1"}],"replies":[{"embeddable":true,"href":"https:\/\/contraluzcucuta.co\/index.php?rest_route=%2Fwp%2Fv2%2Fcomments&post=27729"}],"version-history":[{"count":1,"href":"https:\/\/contraluzcucuta.co\/index.php?rest_route=\/wp\/v2\/posts\/27729\/revisions"}],"predecessor-version":[{"id":27731,"href":"https:\/\/contraluzcucuta.co\/index.php?rest_route=\/wp\/v2\/posts\/27729\/revisions\/27731"}],"wp:featuredmedia":[{"embeddable":true,"href":"https:\/\/contraluzcucuta.co\/index.php?rest_route=\/wp\/v2\/media\/27730"}],"wp:attachment":[{"href":"https:\/\/contraluzcucuta.co\/index.php?rest_route=%2Fwp%2Fv2%2Fmedia&parent=27729"}],"wp:term":[{"taxonomy":"category","embeddable":true,"href":"https:\/\/contraluzcucuta.co\/index.php?rest_route=%2Fwp%2Fv2%2Fcategories&post=27729"},{"taxonomy":"post_tag","embeddable":true,"href":"https:\/\/contraluzcucuta.co\/index.php?rest_route=%2Fwp%2Fv2%2Ftags&post=27729"}],"curies":[{"name":"wp","href":"https:\/\/api.w.org\/{rel}","templated":true}]}}