{"id":27722,"date":"2016-08-01T16:00:27","date_gmt":"2016-08-01T21:00:27","guid":{"rendered":"http:\/\/contraluzcucuta.co\/?p=27722"},"modified":"2016-08-01T16:00:27","modified_gmt":"2016-08-01T21:00:27","slug":"rio-2016-jossimar-calvo-primera-participacion-en-juegos-olimpicos","status":"publish","type":"post","link":"https:\/\/contraluzcucuta.co\/?p=27722","title":{"rendered":"R\u00cdO 2016. Jossimar Calvo, primera participaci\u00f3n en Juegos Ol\u00edmpicos"},"content":{"rendered":"<p>Jossimar Calvo, seleccionado para portar la bandera de Colombia en el desfile inaugural de los Juegos Ol\u00edmpicos Brasil 2016, iniciar\u00e1 competencias, el 6 de agosto. El gimnasta cucute\u00f1o participar\u00e1 en todos los aparatos, luego de cumplir el ciclo de preparaci\u00f3n lleno de \u00e9xitos.<\/p>\n<p>Motivado por el respaldo y el apoyo brindados por los colombianos, y por el trabajo fuera de Colombia, prepara la presentaci\u00f3n en R\u00edo de Janeiro. \u201cVamos a manejar los seis aparatos y no como se hab\u00eda planteado en un principio, como especialista para algunos ejercicios. La preparaci\u00f3n ha sido exigente y la concentraci\u00f3n ha sido prolongada para responder al nivel exigencia\u201d, expres\u00f3 el deportista.<\/p>\n<p>En 17 a\u00f1os dedicados a esta disciplina, ha alcanzado la gloria nacional e internacional. \u201cMi objetivo es terminar las rutinas completas en cada aparato de acuerdo con el trabajo y el entrenamiento que hemos tenido\u201d. Estos son los primeros Ol\u00edmpicos a los que asiste.<\/p>\n<p>\u201cSoy joven, sabemos que tenemos un buen nivel, pero es una dura competencia. Quiero superarme, y con la ayuda de Dios llegar a las finales\u201d. Las competencias en las que participar\u00e1 el cucute\u00f1o son las siguientes:<\/p>\n<p>1.- <strong>Gimnasia Art\u00edstica Individual Varones. <\/strong>S\u00e1bado 06<\/p>\n<p>2.- <strong>Gimnasia Art\u00edstica All-Around. <\/strong>Mi\u00e9rcoles 10<\/p>\n<p>3.- <strong>Gimnasia Art\u00edstica Aparatos: Suelo. <\/strong>Domingo 14<\/p>\n<p>4.- <strong>Gimnasia Art\u00edstica Aparatos: Caballete con Arzones. <\/strong>Domingo 14<\/p>\n<p>5.- <strong>Gimnasia Art\u00edstica Aparatos: Anillas. <\/strong>Lunes 15<\/p>\n<p>6.- <strong>Gimnasia Art\u00edstica Aparatos: Salto. <\/strong>Lunes 15<\/p>\n<p>7.- <strong>Gimnasia Art\u00edstica Aparatos: Barras Paralelas. <\/strong>Martes 16<\/p>\n<p>Jossimar Calvo naci\u00f3 el 22 de julio 22 de 1994, en \u00a0C\u00facuta, mide 1,60 metros y pesa 54 kilogramos. Comenz\u00f3 en la gimnasia a los 5 a\u00f1os. Dos temporadas m\u00e1s tarde, logr\u00f3 las primeras medallas de bronce en Medell\u00edn. Es el primer gimnasta colombiano en ganar oro en la Copa Mundo de Gimnasia, en Ljubjlana (Eslovenia), en el 2013, venci\u00f3 en barras paralelas. Es el deportista colombiano con m\u00e1s logros en Juegos Panamericanos, ocurri\u00f3 en Toronto 2015, donde se llev\u00f3 tres oros y dos bronces.<\/p>\n<p>Estudia Tecnolog\u00eda Deportiva en las Unidades Tecnol\u00f3gicas de Santander. Adem\u00e1s, adelanta la Licenciatura en Educaci\u00f3n F\u00edsica en la Universidad de Pamplona.<\/p>\n<p>La primera competencia en la que particip\u00f3 fue el Nacional Pre-infantil e Infantil de gimnasia art\u00edstica en C\u00facuta. Qued\u00f3 cuarto en la general individual. Dos entrenadores han estado al frente del trabajo de Jossimar. Denis Beltr\u00e1n, en infantil, y Jairo Ruiz, su maestro a lo largo de su carrera deportiva.<\/p>\n<p>Debut\u00f3 en los Nacionales en el 2008 y gan\u00f3 la medalla de plata por equipos. Ha participado en tres versiones de los Juegos (2008, 2012 y 2015) y ha ganado 14 medallas de oro y 2 de plata.<\/p>\n<p>La primera competici\u00f3n en el Ciclo Ol\u00edmpico fue en los Centroamericanos y del Caribe de Mayag\u00fcez (Puerto Rico), en el 2010, y obtuvo el bronce por equipos. En Veracruz (M\u00e9xico 2014), gan\u00f3 dos medallas de oro y dos de plata. Es el primer gimnasta colombiano en ganar oro en Juegos Panamericanos, ocurri\u00f3 en Guadalajara 2011, en la clasificaci\u00f3n general individual. Adem\u00e1s, fue plata en barra fija.<\/p>\n<p>En Mundiales y Copas del Mundo \u00a0ha participado en \u00a0Rotterdam (Holanda 2010), Tokio (Jap\u00f3n 2011), Amberes (B\u00e9lgica 2013), Nanjing (China 2014) y Londres (Inglaterra 2015). \u00a0Fue el primer gimnasta colombiano en ganar oro en una Copa Mundo de Gimnasia, ocurri\u00f3 en el 2013 en Ljubljana (Eslovenia), en barra fija.<\/p>\n<p><strong>Foto:\u00a0<\/strong>EFE\/MAURICIO DUENAS CASTA\u00d1EDA <\/p>\n","protected":false},"excerpt":{"rendered":"<p>Jossimar Calvo, seleccionado para portar la bandera de Colombia en el desfile inaugural de los Juegos Ol\u00edmpicos Brasil 2016, iniciar\u00e1 competencias, el 6 de agosto. El gimnasta cucute\u00f1o participar\u00e1 en todos los aparatos, luego de cumplir el ciclo de preparaci\u00f3n lleno de \u00e9xitos. Motivado por el respaldo y el apoyo brindados por los colombianos, y &hellip;<\/p>\n","protected":false},"author":1,"featured_media":27723,"comment_status":"open","ping_status":"open","sticky":false,"template":"","format":"standard","meta":{"footnotes":""},"categories":[4,28],"tags":[2393,639,2905],"class_list":["post-27722","post","type-post","status-publish","format-standard","has-post-thumbnail","hentry","category-barra","category-vistazo-deportivo","tag-gimnasia-colombiana","tag-jossimar-calvo","tag-olimpicos-rio-2016"],"_links":{"self":[{"href":"https:\/\/contraluzcucuta.co\/index.php?rest_route=\/wp\/v2\/posts\/27722","targetHints":{"allow":["GET"]}}],"collection":[{"href":"https:\/\/contraluzcucuta.co\/index.php?rest_route=\/wp\/v2\/posts"}],"about":[{"href":"https:\/\/contraluzcucuta.co\/index.php?rest_route=\/wp\/v2\/types\/post"}],"author":[{"embeddable":true,"href":"https:\/\/contraluzcucuta.co\/index.php?rest_route=\/wp\/v2\/users\/1"}],"replies":[{"embeddable":true,"href":"https:\/\/contraluzcucuta.co\/index.php?rest_route=%2Fwp%2Fv2%2Fcomments&post=27722"}],"version-history":[{"count":1,"href":"https:\/\/contraluzcucuta.co\/index.php?rest_route=\/wp\/v2\/posts\/27722\/revisions"}],"predecessor-version":[{"id":27724,"href":"https:\/\/contraluzcucuta.co\/index.php?rest_route=\/wp\/v2\/posts\/27722\/revisions\/27724"}],"wp:featuredmedia":[{"embeddable":true,"href":"https:\/\/contraluzcucuta.co\/index.php?rest_route=\/wp\/v2\/media\/27723"}],"wp:attachment":[{"href":"https:\/\/contraluzcucuta.co\/index.php?rest_route=%2Fwp%2Fv2%2Fmedia&parent=27722"}],"wp:term":[{"taxonomy":"category","embeddable":true,"href":"https:\/\/contraluzcucuta.co\/index.php?rest_route=%2Fwp%2Fv2%2Fcategories&post=27722"},{"taxonomy":"post_tag","embeddable":true,"href":"https:\/\/contraluzcucuta.co\/index.php?rest_route=%2Fwp%2Fv2%2Ftags&post=27722"}],"curies":[{"name":"wp","href":"https:\/\/api.w.org\/{rel}","templated":true}]}}