{"id":27719,"date":"2016-08-01T15:16:08","date_gmt":"2016-08-01T20:16:08","guid":{"rendered":"http:\/\/contraluzcucuta.co\/?p=27719"},"modified":"2016-08-01T15:16:08","modified_gmt":"2016-08-01T20:16:08","slug":"reunion-de-cancilleres-aqui-hay-que-venir-con-chequera-carlos-luna","status":"publish","type":"post","link":"https:\/\/contraluzcucuta.co\/?p=27719","title":{"rendered":"REUNI\u00d3N DE CANCILLERES. \u201cAqu\u00ed hay que venir con chequera\u201d: Carlos Luna"},"content":{"rendered":"<p><strong>C\u00daCUTA.-<\/strong> Las expectativas por la reapertura de la frontera colombo-venezolana crecen a diario en C\u00facuta y el estado T\u00e1chira. Los habitantes de lado y lado del r\u00edo T\u00e1chira cuentan con ansiedad los d\u00edas que faltan para la reuni\u00f3n de las cancilleres Mar\u00eda \u00c1ngela Holgu\u00edn y Delcy Rodr\u00edguez. La cita est\u00e1 pactada para el 4 de agosto.<\/p>\n<p>La C\u00e1mara de Comercio de C\u00facuta y las seccionales de la Andi y Fenalco propusiero0n que la reuni\u00f3n se lleve a cabo en esta zona del pa\u00eds por diversas razones, entre las que destacan:<\/p>\n<p>1.- Aqu\u00ed se sufri\u00f3 m\u00e1s por el cierre de la frontera<\/p>\n<p>2.- Ser\u00e1 un reconocimiento a las localidades afectadas por la determinaci\u00f3n tomada en Caracas<\/p>\n<p>3.- Ser\u00e1 la oportunidad para visibilizar la frontera<\/p>\n<p>4.- Para hacer entender que m\u00e1s all\u00e1 de la apertura hay que hacer inversi\u00f3n.<\/p>\n<p>\u201cAqu\u00ed hay que venir con chequera\u201d, dijo el presidente ejecutivo de la C\u00e1mara de Comercio, Carlos Luna. \u201cTiene que haber inversi\u00f3n por parte de ambos estados para se recupere la situaci\u00f3n de la frontera y que haya oportunidad laboral\u201d.<\/p>\n<p>A mediados de agosto de 2015, el presidente Nicol\u00e1s Maduro orden\u00f3 cerrar el paso vehicular y peatonal por los puentes internacionales que unen a Norte de Santander con el estado T\u00e1chira. Desde entonces se levantaron barricadas en los pasos elevados \u2018Sim\u00f3n Bol\u00edvar\u2019 (Villa del Rosario \u2013 San Antonio), \u2018Francisco de Paula Santander\u2019 (C\u00facuta \u2013 Ure\u00f1a) y \u2018La Uni\u00f3n\u2019 (Puerto Santander \u2013 Boca de Grita).<\/p>\n<p>Luna explic\u00f3 que la propuesta de la reuni\u00f3n de las cancilleres en C\u00facuta corresponde a la realidad. Los problemas de las relaciones entre Caracas y Bogot\u00e1 pasan por la frontera y es importante visibilizar a C\u00facuta, San Antonio y Ure\u00f1a.<\/p>\n<p>Hace un a\u00f1o el comercio binacional est\u00e1 paralizado y las p\u00e9rdidas para comerciantes e industriales han sido cuantiosas. Los problemas sociales se agudizaron a lado y lado de la l\u00ednea divisoria. Entre las mayores dificultades ocurridas por el cierre est\u00e1 el crecimiento de la inseguridad en lo municipios colombianos fronterizos.<\/p>\n<p>\u201cEs fundamental que la nueva frontera sea una frontera con oportunidad laboral\u201d, indic\u00f3 Carlos Luna. Que no solo se quede en la lucha contra el contrabando sino que tambi\u00e9n se ofrezcan oportunidades de trabajo. Adem\u00e1s, hay que tener medidas de control de migraci\u00f3n y sobre la legalidad.<\/p>\n<p>El vocero de la C\u00e1mara espera que la propuesta tenga buen recibo enlos despachos oficiales capitalinos. Si no ocurre as\u00ed se perder\u00e1 el esfuerzo de tener una frontera segura. \u201cLos sectores econ\u00f3micos no estamos de acuerdo con que se pida pasaporte a la salida de los puentes\u201d. Esta medida se asumi\u00f3 semanas antes del cierre.<\/p>\n<p>Por el flujo hist\u00f3rico de colombianos en Venezuela y de venezolanos en Colombia no debe mantenerse esta pr\u00e1ctica. \u201cDebe haber un control y unos elementos que permitan abrir la frontera con seguridad sin desconocer nuestra realidad, social\u00a0 econ\u00f3mica y cultural\u201d.<\/p>\n<p>En el primer y segundo domingos de julio los venezolanos llegaron en grandes cantidades a C\u00facuta para abastecerse de productos de primera necesidad. Habitantes de municipios fronterizos aprovecharon el corredor humanitario y compraron alimentos, \u00fatiles de aseo y mercanc\u00eda indispensable para el diario vivir.<\/p>\n<p>\u201cLa apertura debe ser inmediata\u201d, propuso el presidente de la C\u00e1mara de Comercio. Se\u00f1al\u00f3 que si la reuni\u00f3n es el 4 de agosto, a m\u00e1s tardar el 7 deben retirarse las barricadas. La petici\u00f3n es tanto para Norte de Santander como para el estado T\u00e1chira. \u201cAqu\u00ed, todos salimos perdiendo. Nadie gan\u00f3 con el cierre de la frontera\u201d.<\/p>\n<p><strong>Foto: yoyopress.com<\/strong> <\/p>\n","protected":false},"excerpt":{"rendered":"<p>C\u00daCUTA.- Las expectativas por la reapertura de la frontera colombo-venezolana crecen a diario en C\u00facuta y el estado T\u00e1chira. Los habitantes de lado y lado del r\u00edo T\u00e1chira cuentan con ansiedad los d\u00edas que faltan para la reuni\u00f3n de las cancilleres Mar\u00eda \u00c1ngela Holgu\u00edn y Delcy Rodr\u00edguez. La cita est\u00e1 pactada para el 4 de &hellip;<\/p>\n","protected":false},"author":1,"featured_media":27720,"comment_status":"open","ping_status":"open","sticky":false,"template":"","format":"standard","meta":{"footnotes":""},"categories":[45,4],"tags":[3101,557,3103,3102],"class_list":["post-27719","post","type-post","status-publish","format-standard","has-post-thumbnail","hentry","category-destacado","category-barra","tag-canciller-de-colombia","tag-canciller-maria-angela-holguin","tag-cumbre-de-cancilleres","tag-delcy-rodriguez"],"_links":{"self":[{"href":"https:\/\/contraluzcucuta.co\/index.php?rest_route=\/wp\/v2\/posts\/27719","targetHints":{"allow":["GET"]}}],"collection":[{"href":"https:\/\/contraluzcucuta.co\/index.php?rest_route=\/wp\/v2\/posts"}],"about":[{"href":"https:\/\/contraluzcucuta.co\/index.php?rest_route=\/wp\/v2\/types\/post"}],"author":[{"embeddable":true,"href":"https:\/\/contraluzcucuta.co\/index.php?rest_route=\/wp\/v2\/users\/1"}],"replies":[{"embeddable":true,"href":"https:\/\/contraluzcucuta.co\/index.php?rest_route=%2Fwp%2Fv2%2Fcomments&post=27719"}],"version-history":[{"count":1,"href":"https:\/\/contraluzcucuta.co\/index.php?rest_route=\/wp\/v2\/posts\/27719\/revisions"}],"predecessor-version":[{"id":27721,"href":"https:\/\/contraluzcucuta.co\/index.php?rest_route=\/wp\/v2\/posts\/27719\/revisions\/27721"}],"wp:featuredmedia":[{"embeddable":true,"href":"https:\/\/contraluzcucuta.co\/index.php?rest_route=\/wp\/v2\/media\/27720"}],"wp:attachment":[{"href":"https:\/\/contraluzcucuta.co\/index.php?rest_route=%2Fwp%2Fv2%2Fmedia&parent=27719"}],"wp:term":[{"taxonomy":"category","embeddable":true,"href":"https:\/\/contraluzcucuta.co\/index.php?rest_route=%2Fwp%2Fv2%2Fcategories&post=27719"},{"taxonomy":"post_tag","embeddable":true,"href":"https:\/\/contraluzcucuta.co\/index.php?rest_route=%2Fwp%2Fv2%2Ftags&post=27719"}],"curies":[{"name":"wp","href":"https:\/\/api.w.org\/{rel}","templated":true}]}}