{"id":27715,"date":"2016-07-30T15:42:45","date_gmt":"2016-07-30T20:42:45","guid":{"rendered":"http:\/\/contraluzcucuta.co\/?p=27715"},"modified":"2016-07-30T15:42:45","modified_gmt":"2016-07-30T20:42:45","slug":"cucuta-2050-ciudad-posible-de-la-mitad-del-siglo-21","status":"publish","type":"post","link":"https:\/\/contraluzcucuta.co\/?p=27715","title":{"rendered":"C\u00daCUTA 2050. Ciudad posible de la mitad del siglo 21"},"content":{"rendered":"<p><strong>C\u00daCUTA.-<\/strong>\u00a0 El estudio \u2018C\u00facuta 2050, ciudad futuro\u2019, elaborado por la C\u00e1mara de Comercio de C\u00facuta y Camacol C\u00facuta y Nororiente establece, en t\u00e9rminos cualitativos, algunas opciones estrat\u00e9gicas que tiene la ciudad de cara a la soluci\u00f3n de los problemas relevantes y propone un plan de acci\u00f3n con objetivos, estrategias y pol\u00edticas.<\/p>\n<p>Las estrategias, que servir\u00e1n de marco de referencia de las pol\u00edticas y los programas de acci\u00f3n que se definan para ser ejecutadas a mediano y largo plazos, son las siguientes:<\/p>\n<p><strong>1.- Estrategias para la organizaci\u00f3n ciudadana<\/strong><\/p>\n<p>&#8211; Promoci\u00f3n de la participaci\u00f3n de la ciudadan\u00eda en el proceso de elaboraci\u00f3n de la visi\u00f3n, identificaci\u00f3n de las necesidades metropolitanas, la determinaci\u00f3n de prioridades, la selecci\u00f3n de alternativas y la ejecuci\u00f3n de proyectos.<\/p>\n<p>&#8211; Creaci\u00f3n de un misi\u00f3n interdisciplinaria que se encargue de coordinar\u00a0 el proceso y proporcionales una sede y los elementos necesarios para su funcionamiento.<\/p>\n<p><strong>2.- Estrategia para la integraci\u00f3n de la regi\u00f3n metropolitana<\/strong><\/p>\n<p>&#8211; Consolidaci\u00f3n del proceso de integraci\u00f3n entre C\u00facuta, Villa del Rosario, Los Patios, San Cayetano, El Zulia y Puerto Santander.<\/p>\n<p>&#8211; Configuraci\u00f3n de la regi\u00f3n metropolitana binacional y planeamiento de la misma.<\/p>\n<p>&#8211; Integraci\u00f3n de servicios e infraestructuras entre los centros urbanos localizados en la regi\u00f3n metropolitana binacional.<\/p>\n<p><strong>3.- Estrategia de regulaci\u00f3n<\/strong><\/p>\n<p>&#8211; Promover la utilizaci\u00f3n de unas \u00e1reas libres dentro del per\u00edmetro urbano con el fin de controlar la expansi\u00f3n de la ciudad y racionalizar la utilizaci\u00f3n de las \u00e1reas de terrenos disponibles para futuros desarrollos.<\/p>\n<p>&#8211; Promover planes de renovaci\u00f3n del centro principal con el fin de evitar su utilizaci\u00f3n y consolidar su vocaci\u00f3n comercial.<\/p>\n<p>&#8211; Impulsar planes de rehabilitaci\u00f3n integral de las zonas subnormales urbanas mediante programas de legalizaci\u00f3n de la tenencia de tierra, soluci\u00f3n a los problemas de la erosi\u00f3n, construcci\u00f3n de v\u00edas y dotaci\u00f3n de servicios y equipamiento comunal.<\/p>\n<p>&#8211; Llevar a cabo programas de erradicaci\u00f3n de los asentamientos subnormales\u00a0\u00a0 \u00a0localizados en terrenos erosionables y en peligro inminente de deslizamiento.<\/p>\n<p>&#8211; Establecer la reserva de tierras urbanizables necesarias para atender oportuna y adecuadamente la demanda de vivienda de inter\u00e9s social.<\/p>\n<p><strong>4.- Estrategia de mejoramiento y complementaci\u00f3n del transporte masivo y el sistema vial<\/strong><\/p>\n<p>&#8211; Definici\u00f3n de una red primaria conformada por v\u00edas radiales y circunvalares.<\/p>\n<p>&#8211; Mejoramiento y adecuaci\u00f3n de las v\u00edas existentes para adaptarlas a las nuevas condiciones del sistema.<\/p>\n<p>&#8211; Conformar un anillo vial central integrando la avenida Canal Bogot\u00e1 con la avenida Los Libertadores<\/p>\n<p>&#8211; Conectar entre s\u00ed las v\u00edas radiales existentes con los anillos viales central y circunvalar.<\/p>\n<p><strong>5.- Estrategia para la preservaci\u00f3n del espacio p\u00fablico, el medio ambiente y el patrimonio urbano.<\/strong><\/p>\n<p>&#8211; Peatonizar gradualmente las avenidas Gran Colombia, Quinta y S\u00e9ptima, ampliando los andenes hasta donde las especificaciones m\u00ednimas de las v\u00edas lo permitan<\/p>\n<p>&#8211; Ampliar los parques Lineal, Mercedes \u00c1brego y Antonia Santos en la zona central, conformar sobre la avenida s\u00e9ptima un eje de almacenes populares integrado por los actuales centros comerciales Oit\u00ed y Las Mercedes, y los que se construyan en el edificio San Jos\u00e9 y las instalaciones de Almacaf\u00e9, junto a la Central de Trasportes.<\/p>\n<p><strong>Foto: somoslarevista.com<\/strong> <\/p>\n","protected":false},"excerpt":{"rendered":"<p>C\u00daCUTA.-\u00a0 El estudio \u2018C\u00facuta 2050, ciudad futuro\u2019, elaborado por la C\u00e1mara de Comercio de C\u00facuta y Camacol C\u00facuta y Nororiente establece, en t\u00e9rminos cualitativos, algunas opciones estrat\u00e9gicas que tiene la ciudad de cara a la soluci\u00f3n de los problemas relevantes y propone un plan de acci\u00f3n con objetivos, estrategias y pol\u00edticas. Las estrategias, que servir\u00e1n &hellip;<\/p>\n","protected":false},"author":1,"featured_media":27716,"comment_status":"open","ping_status":"open","sticky":false,"template":"","format":"standard","meta":{"footnotes":""},"categories":[4,6],"tags":[3093,375,3091],"class_list":["post-27715","post","type-post","status-publish","format-standard","has-post-thumbnail","hentry","category-barra","category-ojo-avizor","tag-camacol-cucuta-y-nororiente","tag-camara-de-comercio-de-cucuta","tag-cucuta-2050"],"_links":{"self":[{"href":"https:\/\/contraluzcucuta.co\/index.php?rest_route=\/wp\/v2\/posts\/27715","targetHints":{"allow":["GET"]}}],"collection":[{"href":"https:\/\/contraluzcucuta.co\/index.php?rest_route=\/wp\/v2\/posts"}],"about":[{"href":"https:\/\/contraluzcucuta.co\/index.php?rest_route=\/wp\/v2\/types\/post"}],"author":[{"embeddable":true,"href":"https:\/\/contraluzcucuta.co\/index.php?rest_route=\/wp\/v2\/users\/1"}],"replies":[{"embeddable":true,"href":"https:\/\/contraluzcucuta.co\/index.php?rest_route=%2Fwp%2Fv2%2Fcomments&post=27715"}],"version-history":[{"count":1,"href":"https:\/\/contraluzcucuta.co\/index.php?rest_route=\/wp\/v2\/posts\/27715\/revisions"}],"predecessor-version":[{"id":27717,"href":"https:\/\/contraluzcucuta.co\/index.php?rest_route=\/wp\/v2\/posts\/27715\/revisions\/27717"}],"wp:featuredmedia":[{"embeddable":true,"href":"https:\/\/contraluzcucuta.co\/index.php?rest_route=\/wp\/v2\/media\/27716"}],"wp:attachment":[{"href":"https:\/\/contraluzcucuta.co\/index.php?rest_route=%2Fwp%2Fv2%2Fmedia&parent=27715"}],"wp:term":[{"taxonomy":"category","embeddable":true,"href":"https:\/\/contraluzcucuta.co\/index.php?rest_route=%2Fwp%2Fv2%2Fcategories&post=27715"},{"taxonomy":"post_tag","embeddable":true,"href":"https:\/\/contraluzcucuta.co\/index.php?rest_route=%2Fwp%2Fv2%2Ftags&post=27715"}],"curies":[{"name":"wp","href":"https:\/\/api.w.org\/{rel}","templated":true}]}}