{"id":27706,"date":"2016-07-30T13:24:00","date_gmt":"2016-07-30T18:24:00","guid":{"rendered":"http:\/\/contraluzcucuta.co\/?p=27706"},"modified":"2016-07-30T13:24:00","modified_gmt":"2016-07-30T18:24:00","slug":"crisis-en-el-catatumbo-avanza-construccion-de-hoja-de-ruta-para-definir-proyectos","status":"publish","type":"post","link":"https:\/\/contraluzcucuta.co\/?p=27706","title":{"rendered":"CRISIS EN EL CATATUMBO. Avanza construcci\u00f3n de hoja de ruta para definir proyectos"},"content":{"rendered":"<p><strong>TIB\u00da \u2013 Norte de Santander.-<\/strong> La institucionalidad agropecuaria nacional y regional llevar\u00e1 a cabo una reuni\u00f3n para revisar, monitorear y estudiar las propuestas, y medir la vialidad en el segundo semestre de 2016. El prop\u00f3sito es atender las inquietudes en C\u00facuta. De esta manera avanza la construcci\u00f3n de la hoja de ruta para definir proyectos en beneficio de las comunidades de El Catatumbo.<\/p>\n<p>Las principales iniciativas presentadas al Ministerio de Agricultura buscan fomentar los cultivos de cacao y pl\u00e1tano, y el fortalecimiento de la pesca. El ministro Aurelio Iragorri Valencia calific\u00f3 como productiva y valiosa la agenda regional llevada a cabo en Tib\u00fa.<\/p>\n<p>Comunidad, l\u00edderes y autoridades locales de municipios y veredas que integran la subregi\u00f3n de El Catatumbo presentaron iniciativas rurales pensadas para aprovechar el potencial agropecuario de la zona. El jefe de la cartera agropecuaria habl\u00f3 con cada los l\u00edderes campesinos para responder a las inquietudes.<\/p>\n<p>Los representantes de las organizaciones campesinas e ind\u00edgenas expusieron proyectos enfocados en la producci\u00f3n, tratamiento y comercializaci\u00f3n de l\u00edneas agropecuarias ajustadas a la viabilidad de la regi\u00f3n, entre las que se cuentan cacao, ganader\u00eda, pl\u00e1tano, orellanas y acuicultura.<\/p>\n<p>El objetivo es revisar y gestionar la disponibilidad de recursos para invertir y fortalecer la asociaci\u00f3n y garantizar la comercializaci\u00f3n. As\u00ed ha ocurrido con la palma de aceite, de la que tambi\u00e9n se presentaron propuestas.<\/p>\n<p>&#8220;Seguiremos apost\u00e1ndoles a estos encuentros directos con las comunidades\u201d, dijo Iragorri. As\u00ed, se construir\u00e1 y ejecutar\u00e1 la agenda agropecuaria del pa\u00eds, traz\u00e1ndola en las regiones para los pobladores, y \u201cno desde un fr\u00edo escritorio en Bogot\u00e1&#8221;, precis\u00f3 el ministro.<\/p>\n<p>En 2015, el Ministerio de Agricultura invirti\u00f3 $ 20.000 millones en proyectos productivos. Indistintamente de las organizaciones, los recursos aprobados en la Cumbre Agraria por $ 250.000 millones fueron firmados en la totalidad. Se espera que los beneficios lleguen a la regi\u00f3n. De esos recursos, hay $ 12.000 millones aprobados solo para ese sector se las organizaciones.<\/p>\n<p>A este encuentro se sum\u00f3 una delegaci\u00f3n del Gobierno que incluy\u00f3 al Ministro del Interior, la Agencia Nacional de Tierras, la Agencia de Desarrollo Rural, la Alta Consejer\u00eda para el Posconflicto y el Departamento para la Prosperidad Social.<\/p>\n<p><strong>Foto: @MinAgricultura<\/strong><\/p>\n<p>&nbsp; <\/p>\n","protected":false},"excerpt":{"rendered":"<p>TIB\u00da \u2013 Norte de Santander.- La institucionalidad agropecuaria nacional y regional llevar\u00e1 a cabo una reuni\u00f3n para revisar, monitorear y estudiar las propuestas, y medir la vialidad en el segundo semestre de 2016. El prop\u00f3sito es atender las inquietudes en C\u00facuta. De esta manera avanza la construcci\u00f3n de la hoja de ruta para definir proyectos &hellip;<\/p>\n","protected":false},"author":1,"featured_media":27707,"comment_status":"open","ping_status":"open","sticky":false,"template":"","format":"standard","meta":{"footnotes":""},"categories":[4,32],"tags":[3097,710,1934],"class_list":["post-27706","post","type-post","status-publish","format-standard","has-post-thumbnail","hentry","category-barra","category-recorrido-por-la-region","tag-aurelio-iragorri","tag-crisis-en-el-catatumbo","tag-ministerio-de-agricultura"],"_links":{"self":[{"href":"https:\/\/contraluzcucuta.co\/index.php?rest_route=\/wp\/v2\/posts\/27706","targetHints":{"allow":["GET"]}}],"collection":[{"href":"https:\/\/contraluzcucuta.co\/index.php?rest_route=\/wp\/v2\/posts"}],"about":[{"href":"https:\/\/contraluzcucuta.co\/index.php?rest_route=\/wp\/v2\/types\/post"}],"author":[{"embeddable":true,"href":"https:\/\/contraluzcucuta.co\/index.php?rest_route=\/wp\/v2\/users\/1"}],"replies":[{"embeddable":true,"href":"https:\/\/contraluzcucuta.co\/index.php?rest_route=%2Fwp%2Fv2%2Fcomments&post=27706"}],"version-history":[{"count":1,"href":"https:\/\/contraluzcucuta.co\/index.php?rest_route=\/wp\/v2\/posts\/27706\/revisions"}],"predecessor-version":[{"id":27708,"href":"https:\/\/contraluzcucuta.co\/index.php?rest_route=\/wp\/v2\/posts\/27706\/revisions\/27708"}],"wp:featuredmedia":[{"embeddable":true,"href":"https:\/\/contraluzcucuta.co\/index.php?rest_route=\/wp\/v2\/media\/27707"}],"wp:attachment":[{"href":"https:\/\/contraluzcucuta.co\/index.php?rest_route=%2Fwp%2Fv2%2Fmedia&parent=27706"}],"wp:term":[{"taxonomy":"category","embeddable":true,"href":"https:\/\/contraluzcucuta.co\/index.php?rest_route=%2Fwp%2Fv2%2Fcategories&post=27706"},{"taxonomy":"post_tag","embeddable":true,"href":"https:\/\/contraluzcucuta.co\/index.php?rest_route=%2Fwp%2Fv2%2Ftags&post=27706"}],"curies":[{"name":"wp","href":"https:\/\/api.w.org\/{rel}","templated":true}]}}