{"id":27694,"date":"2016-07-28T20:20:40","date_gmt":"2016-07-29T01:20:40","guid":{"rendered":"http:\/\/contraluzcucuta.co\/?p=27694"},"modified":"2016-07-28T20:20:40","modified_gmt":"2016-07-29T01:20:40","slug":"universidad-al-barrio-publicado-listado-de-admitidos-al-programa","status":"publish","type":"post","link":"https:\/\/contraluzcucuta.co\/?p=27694","title":{"rendered":"UNIVERSIDAD AL BARRIO. Publicado listado de admitidos al programa"},"content":{"rendered":"<p><strong>C\u00daCUTA.-<\/strong> La Alcald\u00eda de C\u00facuta inform\u00f3 que est\u00e1n publicados los listados de admitidos por la Universidad de Pamplona para formar parte del\u00a0 Programa Universidad al Barrio. El ciclo iniciar\u00e1 el 22 de agosto en la Instituci\u00f3n Educativa Pablo Correa Le\u00f3n y Colegio Integrado Juan Atalaya.<\/p>\n<p>Los interesados en modalidad presencial pueden ingresar al link<\/p>\n<p><a href=\"http:\/\/www.unipamplona.edu.co\/unipamplona\/portalIG\/home_11\/recursos\/general\/21012016\/admitidos_20161.jsp\">http:\/\/www.unipamplona.edu.co\/unipamplona\/portalIG\/home_11\/recursos\/general\/21012016\/admitidos_20161.jsp<\/a><\/p>\n<p>Los interesados en modalidad a distancia pueden ingresar al link<\/p>\n<p><a href=\"http:\/\/www.unipamplona.edu.co\/unipamplona\/portalIG\/home_11\/recursos\/general\/contenidos_subgeneral\/inscripciones_distancia\/04022011\/admitidos.jsp\">http:\/\/www.unipamplona.edu.co\/unipamplona\/portalIG\/home_11\/recursos\/general\/contenidos_subgeneral\/inscripciones_distancia\/04022011\/admitidos.jsp<\/a><\/p>\n<p>Los admitidos deben firmar el acta de compromiso y pagar la matr\u00edcula financiera en las fechas que ser\u00e1n publicadas pr\u00f3ximamente.<\/p>\n<p><strong>Foto: PRENSA ALCALD\u00cdA<\/strong><\/p>\n<p>&nbsp; <\/p>\n","protected":false},"excerpt":{"rendered":"<p>C\u00daCUTA.- La Alcald\u00eda de C\u00facuta inform\u00f3 que est\u00e1n publicados los listados de admitidos por la Universidad de Pamplona para formar parte del\u00a0 Programa Universidad al Barrio. El ciclo iniciar\u00e1 el 22 de agosto en la Instituci\u00f3n Educativa Pablo Correa Le\u00f3n y Colegio Integrado Juan Atalaya. Los interesados en modalidad presencial pueden ingresar al link http:\/\/www.unipamplona.edu.co\/unipamplona\/portalIG\/home_11\/recursos\/general\/21012016\/admitidos_20161.jsp &hellip;<\/p>\n","protected":false},"author":1,"featured_media":27695,"comment_status":"open","ping_status":"open","sticky":false,"template":"","format":"standard","meta":{"footnotes":""},"categories":[74],"tags":[2597,161],"class_list":["post-27694","post","type-post","status-publish","format-standard","has-post-thumbnail","hentry","category-aula-universitaria","tag-aula-universitaria","tag-universidad-de-pamplona"],"_links":{"self":[{"href":"https:\/\/contraluzcucuta.co\/index.php?rest_route=\/wp\/v2\/posts\/27694","targetHints":{"allow":["GET"]}}],"collection":[{"href":"https:\/\/contraluzcucuta.co\/index.php?rest_route=\/wp\/v2\/posts"}],"about":[{"href":"https:\/\/contraluzcucuta.co\/index.php?rest_route=\/wp\/v2\/types\/post"}],"author":[{"embeddable":true,"href":"https:\/\/contraluzcucuta.co\/index.php?rest_route=\/wp\/v2\/users\/1"}],"replies":[{"embeddable":true,"href":"https:\/\/contraluzcucuta.co\/index.php?rest_route=%2Fwp%2Fv2%2Fcomments&post=27694"}],"version-history":[{"count":1,"href":"https:\/\/contraluzcucuta.co\/index.php?rest_route=\/wp\/v2\/posts\/27694\/revisions"}],"predecessor-version":[{"id":27696,"href":"https:\/\/contraluzcucuta.co\/index.php?rest_route=\/wp\/v2\/posts\/27694\/revisions\/27696"}],"wp:featuredmedia":[{"embeddable":true,"href":"https:\/\/contraluzcucuta.co\/index.php?rest_route=\/wp\/v2\/media\/27695"}],"wp:attachment":[{"href":"https:\/\/contraluzcucuta.co\/index.php?rest_route=%2Fwp%2Fv2%2Fmedia&parent=27694"}],"wp:term":[{"taxonomy":"category","embeddable":true,"href":"https:\/\/contraluzcucuta.co\/index.php?rest_route=%2Fwp%2Fv2%2Fcategories&post=27694"},{"taxonomy":"post_tag","embeddable":true,"href":"https:\/\/contraluzcucuta.co\/index.php?rest_route=%2Fwp%2Fv2%2Ftags&post=27694"}],"curies":[{"name":"wp","href":"https:\/\/api.w.org\/{rel}","templated":true}]}}