{"id":27672,"date":"2016-07-26T20:16:54","date_gmt":"2016-07-27T01:16:54","guid":{"rendered":"http:\/\/contraluzcucuta.co\/?p=27672"},"modified":"2016-07-26T20:16:54","modified_gmt":"2016-07-27T01:16:54","slug":"los-4-de-circo-estamos-unidos-por-el-cosmos","status":"publish","type":"post","link":"https:\/\/contraluzcucuta.co\/?p=27672","title":{"rendered":"LOS 4 DE CIRCO. \u201cEstamos unidos por el Cosmos\u201d"},"content":{"rendered":"<p><strong>C\u00daCUTA.-<\/strong> Vestidos de civil son cuatro amigos\u00a0 que dejaron atr\u00e1s familia, estudios y pa\u00eds. Disfrazados como payasos son cuatro artistas que tienen como ideal hacer re\u00edr al p\u00fablico en los sitios donde se presenten. Leonardo M\u00e1rquez, Juan Jos\u00e9 Mujica, Rafael Emilio Parra y Jeisson Valero tienen en com\u00fan el gusto por la actuaci\u00f3n. \u2018Chiquito\u2019, \u2018Wailer\u2019, \u2018Wilo\u2019 y \u2018Rayo\u2019 tienen como particularidad la gracia, el chiste y la espontaneidad.<\/p>\n<p>Vistos fuera del escenario, sin maquillaje, no son m\u00e1s que esos seres humanos en constante ebullici\u00f3n mental para preparar el siguiente n\u00famero que disfrutar\u00e1n con cada personaje creado por la imaginaci\u00f3n. Cada uno tiene asignado el papel que deber\u00e1 desempe\u00f1ar en la tarima, aunque no es camisa de fuerza que as\u00ed debe ser. En el curso de la presentaci\u00f3n surgen situaciones que los pueden sacar del libreto, pero en la siguiente escena volver\u00e1n a lo ensayado.<\/p>\n<p>Las edades oscilan entre los 20 y los 26 a\u00f1os; los caracteres van desde el reposado hasta el inquieto; los roles asumidos los definen como el faquir, el equilibrista, el malabarista y el diabolista. El f\u00edsico tambi\u00e9n los diferencia y los deja ver en toda la dimensi\u00f3n humana, alejados de la imagen que proyectan cuando est\u00e1n pintados. La indumentaria es otro factor que los llena de valores para mostrarlos diferentes y permitirles continuar con el espect\u00e1culo.<\/p>\n<p>Los cuatro vienen de Guanare, donde se conocieron y decidieron juntar sus vidas art\u00edsticas para armar ese grupo que ha recorrido buena parte de Venezuela. El sue\u00f1o es trascender las fronteras, visitar las ciudades colombianas que puedan y seguir camino hacia Ecuador, y los pa\u00edses que se les antojen mientras tengan aliento para continuar el viaje.<\/p>\n<p>En la capital del estado Portuguesa dejaron esposas, hijos, familiares y otros sue\u00f1os. La despedida tuvo matiz triste por la separaci\u00f3n, sin saberse hasta cu\u00e1ndo. A cada quien lo acompa\u00f1\u00f3 hasta la terminal el ser querido que guardaba la esperanza del arrepentimiento para no partir. Ninguno mir\u00f3 hacia atr\u00e1s; por el contrario, entre los cuatro se trasmitieron valor y hace dos semanas est\u00e1n en C\u00facuta.<\/p>\n<p>M\u00e1s que amigos se definen como hermanos, pelean, hay disgustos, las molestias no faltan y los malos momentos son comunes. Lo bueno es que no dejan que esos sentimientos terminen convertidos en rencores y antes de que eso suceda vuelven a hablarse, porque se necesitan. Las bromas remplazan a las groser\u00edas y el respeto es ley para mantener la convivencia.<\/p>\n<p>Por com\u00fan acuerdo le quitaron la \u2018ele\u2019 a la contracci\u00f3n \u2018del\u2019 para darle mayor significado al trabajo que decidieron tomar como profesi\u00f3n. Por eso son Los 4 de Circo. Del circo es la generalidad, de circo marca la diferencia. La explicaci\u00f3n puede atribuirse a cualquiera, porque todos la tienen aprendida. Quiz\u00e1s tomaron como ejemplo la vida de \u2018Los Cuatro de Liverpool\u2019 o de \u2018Los 4 Fant\u00e1sticos\u2019. O simplemente decidieron que ser\u00edan \u2018Los 4 de Circo\u2019.<\/p>\n<p>\u201cEstamos unidos por el Cosmos\u201d. Pasan los d\u00edas juntos, tienen en com\u00fan el amor por el arte y lo expresan con sencillez. En el hogar, a pesar de la oposici\u00f3n de algunos miembros, terminaron por imponer ese gusto. Ahora, en casa los respaldan y los llaman a cada nada para saber c\u00f3mo van en esa aventura que emprendieron y que piensan llevar hasta el fin de los d\u00edas.<\/p>\n<p>Pasado el tiempo y calmadas las cr\u00edticas fuertes que recibieron, est\u00e1n seguros de que este oficio, si no genera el dinero que las familias deseaban, les da la satisfacci\u00f3n que buscaban. Y a pulso devolvieron las equivocaciones que surgieron en casa. La t\u00eda de \u2018Rayo\u2019 se equivoc\u00f3 en vaticinar que terminar\u00eda como homosexual, porque \u201csoy todo un macho\u201d. A \u2019Wilo\u2019 el t\u00edo le dec\u00eda que los payasos mueren en las escaleras sosteni\u00e9ndose la cabeza con las manos y tristes. \u201cNunca estoy triste\u201d.<\/p>\n<p>Parados frente al p\u00fablico quieren trasmitir la energ\u00eda que les ha dado el universo y compartir los conocimientos adquiridos en las escuelas, en los libros, en las investigaciones, en las charlas con los maestros, en los talleres a los que asisten y en la preparaci\u00f3n intelectual que mantienen.<\/p>\n<p>Las presentaciones tienen tres momentos especiales, previos a la salida. Creaci\u00f3n del personaje, preparaci\u00f3n del parlamento y manipulaci\u00f3n de elementos. Luego, est\u00e1n el estudio del espacio, compenetraci\u00f3n con el p\u00fablico, preparaci\u00f3n f\u00edsica y preparaci\u00f3n intelectual. En definitiva, cada quien se encarga del papel que le corresponde poner en escena.<\/p>\n<p>En las aulas aprendieron actuaci\u00f3n, expresi\u00f3n corporal, cer\u00e1mica, m\u00fasica, artes pl\u00e1sticas, acrobacias, malabarismo, equilibrio y montaje. Por cuenta y riesgo complementan esos estudios con ejemplos de payasos profesionales. \u201cEstos personajes nos ense\u00f1aron a visualizar y a ser originales\u201d. Lo dem\u00e1s se da en el momento justo para manejar eso que llaman la \u2018cuarta pared\u2019. As\u00ed, cumplen con el cometido de evitar parecerse a los dem\u00e1s y no hacer lo que todos hacen.<\/p>\n<p>Antes de comenzar la funci\u00f3n, Los 4 de Circo tienen como obligaci\u00f3n reconocer el espacio donde van a trabajar para adaptarse a las medidas. Cada uno se maquilla y cuando est\u00e1n listos para la salida unen las manos para trasmitirse energ\u00eda de la buena. Despu\u00e9s, se fijan en el p\u00fablico. Lo hacen para escoger qui\u00e9n podr\u00eda ser la \u2018v\u00edctima\u2019 para llamarlo a la pista.<\/p>\n<p>El conocimiento mutuo les permite trabajar casi de memoria. Una simple mirada, un movimiento de cabeza, un gesto o un sonido bastan para entender que se debe cambiar lo planeado. La comunicaci\u00f3n gestual es vital para el trabajo. Cada vez que pueden se entrenan para que los errores sean menores o que para cuando sucedan los espectadores no lo noten.<\/p>\n<p>Es la primera vez que salen juntos de Venezuela y escogieron a C\u00facuta por ser la puerta de entrada a Colombia. El cierre de los puentes internacionales no les impidi\u00f3 cruzar la frontera. De ac\u00e1 pasar\u00e1n a Bucaramanga y comenzar\u00e1n a avanzar hasta llegar a la meta. \u201cCuando volvamos, vamos a sentirnos orgullosos\u201d, porque se propusieron un objetivo y lo cumplieron.<\/p>\n<p>A \u2018Chiquito\u2019 la vida le ha dado poco l\u00e1tigo; \u2018Wilo\u2019, tampoco ha sentido que los a\u00f1os lo hayan castigado; \u2018Wailer\u2019 ha pasado los d\u00edas entre malabares, y \u2018Rayo\u2019 ha perdido el equilibro en algunos pasajes de la vida. As\u00ed son Los 4 de Circo con el rostro maquillado o con ropa normal, porque \u201cun d\u00eda sin risa es un d\u00eda perdido\u201d, lo aprendieron de Chaplin y lo aplican para ser felices.<\/p>\n<p><strong>RAFAEL ANTONIO PAB\u00d3N<\/strong><\/p>\n<p><a href=\"mailto:rafaelpabon@hotmail.com\"><strong>rafaelpabon@hotmail.com<\/strong><\/a><\/p>\n<p><strong>Foto: <\/strong><a href=\"http:\/\/www.contraluzcucuta.co\"><strong>www.contraluzcucuta.co<\/strong><\/a><\/p>\n<p>&nbsp; <\/p>\n","protected":false},"excerpt":{"rendered":"<p>C\u00daCUTA.- Vestidos de civil son cuatro amigos\u00a0 que dejaron atr\u00e1s familia, estudios y pa\u00eds. Disfrazados como payasos son cuatro artistas que tienen como ideal hacer re\u00edr al p\u00fablico en los sitios donde se presenten. Leonardo M\u00e1rquez, Juan Jos\u00e9 Mujica, Rafael Emilio Parra y Jeisson Valero tienen en com\u00fan el gusto por la actuaci\u00f3n. \u2018Chiquito\u2019, \u2018Wailer\u2019, &hellip;<\/p>\n","protected":false},"author":1,"featured_media":27673,"comment_status":"open","ping_status":"open","sticky":false,"template":"","format":"standard","meta":{"footnotes":""},"categories":[17,4,37],"tags":[2929,3087,1023],"class_list":["post-27672","post","type-post","status-publish","format-standard","has-post-thumbnail","hentry","category-conversaciones-a-contraluz","category-barra","category-paseo-cultural","tag-conversaciones-a-contraluz","tag-los-4-de-circo","tag-payasos"],"_links":{"self":[{"href":"https:\/\/contraluzcucuta.co\/index.php?rest_route=\/wp\/v2\/posts\/27672","targetHints":{"allow":["GET"]}}],"collection":[{"href":"https:\/\/contraluzcucuta.co\/index.php?rest_route=\/wp\/v2\/posts"}],"about":[{"href":"https:\/\/contraluzcucuta.co\/index.php?rest_route=\/wp\/v2\/types\/post"}],"author":[{"embeddable":true,"href":"https:\/\/contraluzcucuta.co\/index.php?rest_route=\/wp\/v2\/users\/1"}],"replies":[{"embeddable":true,"href":"https:\/\/contraluzcucuta.co\/index.php?rest_route=%2Fwp%2Fv2%2Fcomments&post=27672"}],"version-history":[{"count":1,"href":"https:\/\/contraluzcucuta.co\/index.php?rest_route=\/wp\/v2\/posts\/27672\/revisions"}],"predecessor-version":[{"id":27674,"href":"https:\/\/contraluzcucuta.co\/index.php?rest_route=\/wp\/v2\/posts\/27672\/revisions\/27674"}],"wp:featuredmedia":[{"embeddable":true,"href":"https:\/\/contraluzcucuta.co\/index.php?rest_route=\/wp\/v2\/media\/27673"}],"wp:attachment":[{"href":"https:\/\/contraluzcucuta.co\/index.php?rest_route=%2Fwp%2Fv2%2Fmedia&parent=27672"}],"wp:term":[{"taxonomy":"category","embeddable":true,"href":"https:\/\/contraluzcucuta.co\/index.php?rest_route=%2Fwp%2Fv2%2Fcategories&post=27672"},{"taxonomy":"post_tag","embeddable":true,"href":"https:\/\/contraluzcucuta.co\/index.php?rest_route=%2Fwp%2Fv2%2Ftags&post=27672"}],"curies":[{"name":"wp","href":"https:\/\/api.w.org\/{rel}","templated":true}]}}