{"id":27665,"date":"2016-07-26T18:32:50","date_gmt":"2016-07-26T23:32:50","guid":{"rendered":"http:\/\/contraluzcucuta.co\/?p=27665"},"modified":"2016-07-26T18:32:50","modified_gmt":"2016-07-26T23:32:50","slug":"henry-perez-seis-meses-despues-por-que-no-se-sabe-donde-esta","status":"publish","type":"post","link":"https:\/\/contraluzcucuta.co\/?p=27665","title":{"rendered":"HENRY P\u00c9REZ. Seis meses despu\u00e9s, \u201c\u00bfpor qu\u00e9 no se sabe d\u00f3nde est\u00e1?\u201d"},"content":{"rendered":"<p><strong>C\u00daCUTA.-<\/strong> Al cumplirse seis de la desaparici\u00f3n de Henry P\u00e9rez, l\u00edder campesino en El Catatumbo, la esposa Elibeth Murcia no soport\u00f3 m\u00e1s la tensi\u00f3n que vive en casa y clam\u00f3 por una noticia de su paradero, \u201cla que sea, para saber a qu\u00e9 atenerse\u201d. Lo dijo mientras las l\u00e1grimas comenzaban a recorrer el rostro y la voz se apagaba por la emoci\u00f3n. \u201cQueremos algo concreto para uno saber a qu\u00e9 atenerse\u201d.<\/p>\n<p>El expresidente de la Asociaci\u00f3n de Juntas Comunales de la zona sali\u00f3 de casa y no volvi\u00f3. Algunos habitantes dicen que fue a donde la hermana para trabajar el proyecto de cultivos productivos que lidera para la regi\u00f3n. Otros, afirman que fue a cumplir una cita clandestina con los actores armados. Ninguna de las dos hip\u00f3tesis est\u00e1 comprobada, pero tampoco desechada.<\/p>\n<p>\u201cHasta el momento no se sabe qu\u00e9 pas\u00f3, hay absoluto silencio\u201d, dijo Murcia y repiti\u00f3 que \u201ces algo inexplicable que Henry haya desaparecido de una vereda tan poblada (Trocha Ganadera) y nadie tenga raz\u00f3n, ni nadie sepa de su paradero\u201d. M\u00e1s, cuando en La Gabarra se sabe todo lo que pasa. Entonces, pregunt\u00f3 con desespero, \u201c\u00bfpor qu\u00e9 no se sabe d\u00f3nde est\u00e1 Henry?\u201d.<\/p>\n<p>Las noches se han convertido en un tormento y no puede conciliar el sue\u00f1o. Las preguntas rondan por el cerebro y no la dejan dormir. \u201cHay un rompecabezas que no he podido armar\u201d. Piensa en los posibles captores y no da con qui\u00e9n pueda ser el responsable, porque \u201csiempre ha sido una persona colaboradora\u201d.<\/p>\n<p>En esas cavilaciones nocturnas cree que se lo llevaron por error y busca la justificaci\u00f3n para que lo devuelvan al hogar. \u201cLe pido al que lo tenga, al que haya cometido ese error, por equivocaci\u00f3n, por alg\u00fan momento de intolerancia, que por favor den raz\u00f3n\u201d sobre d\u00f3nde lo tienen y c\u00f3mo est\u00e1. Han trascurrido seis meses y en casa solo han vivido con desesperaci\u00f3n e incertidumbre. En medio de un calvario \u201cque solo uno que es el que sufre, el que ve, es el que sabe qu\u00e9 es lo que est\u00e1 pasando\u201d.<\/p>\n<p>No quiere acusar a alguien en especial, ni en grupo ni individual, aunque est\u00e1 segura de que \u201cno podemos ocultar el sol con una mano. Todos sabemos y conocemos que en La Gabarra existen muchos grupos armados, legales e ilegales\u201d. Y vuelve a las\u00a0 noches en las que piensa en lo mismo, \u201cpor qu\u00e9 nadie dice nada, por qu\u00e9 tanto silencio, cu\u00e1l es el silencio, y para m\u00ed no hay respuesta\u201d.<\/p>\n<p>Otra pregunta recorre la cabeza de esta mujer desesperada, pero no desesperanzada, \u201c\u00bfqu\u00e9 hay detr\u00e1s de todo esto?\u201d. Y trata de consolarse con el recuerdo de los muchos desaparecidos que han encontrado y con las noticias que se han dado de otros tantos. \u201c\u00bfPor qu\u00e9 de Henry no?\u201d. La pregunta queda en el aire, en el mutismo de quienes no han sabido decirle nada, en el silencio de las horas nocturnas que poco a poco la consume. \u201cPor favor tengan piedad y misericordia, den la noticia que sea\u201d.<\/p>\n<p>Junto a Elibeth Murcia est\u00e1 Ana Lilia Carre\u00f1o, t\u00eda de\u00a0 Richard Carre\u00f1o Carrillo, desaparecido el 23 de septiembre de 2013. El hombre sali\u00f3 esa noche a trabajar, como de costumbre, en el taxi que conduc\u00eda. No volvi\u00f3 a comunicarse con la familia. No ten\u00eda problemas o amenazas por alg\u00fan motivo.<\/p>\n<p>Al poco tiempo los familiares recibieron una llamada an\u00f3nima en la que les exig\u00edan el pago de $ 50 millones para la liberaci\u00f3n. Preocupados por la situaci\u00f3n acudieron al Gaula para instaurar la consabida denuncia. No ten\u00edan plata, sino dos carros producto del trabajo de toda la vida.<\/p>\n<p>Para reunir la suma pensaron en varias salidas. Una, vender el cupo de uno de los carros amarillos; otra, hipotecar la casa, y la tercera, hacer pr\u00e9stamos. La urgencia no daba espera. En las primeras comunicaciones que le permitieron tener con la casa, Richard clam\u00f3 con angustia \u201cpap\u00e1, consiga la plata porque me van a matar\u201d. Como respuesta obten\u00eda palabras de aliento.<\/p>\n<p>Los captores negociaron y recib\u00edan $ 20 millones adelantados y, luego, en cuotas se pondr\u00edan al d\u00eda con los $ 30 millones restantes. Esa informaci\u00f3n la entregaron al Gaula, esperanzados en que dar\u00edan con los captores. Pero est\u00e1n desilusionados y creen que eso solo ocurre en los libretos de las novelas y las pel\u00edculas, porque lo agentes \u201cen la vida real no hacen nada\u201d.<\/p>\n<p>Se pusieron cita en el Canal Bogot\u00e1 con calle 7, a las 7:00 de la noche. Ah\u00ed entregar\u00edan los $ 20 millones. El tipo que recogi\u00f3 la plata le prometi\u00f3 que en hora y media Richard estar\u00eda en casa. Despu\u00e9s de tres a\u00f1os no ha llegado.<\/p>\n<p>La b\u00fasqueda se mantiene y la solicitud de apoyo persiste. \u201cMe duele que la polic\u00eda se burle de uno\u201d, dijo Ana Lilia a punto de desfallecer en la fe. No siente que haya tenido el respaldo necesario para devolver al sobrino al hogar.<\/p>\n<p><strong>RAFAEL ANTONIO PAB\u00d3N<\/strong><\/p>\n<p><strong>rafaelpabon58@hotmail.com<\/strong><\/p>\n<p><strong>Foto: <\/strong><a href=\"http:\/\/www.contraluzcucuta.co\"><strong>www.contraluzcucuta.co<\/strong><\/a><\/p>\n<p>&nbsp; <\/p>\n","protected":false},"excerpt":{"rendered":"<p>C\u00daCUTA.- Al cumplirse seis de la desaparici\u00f3n de Henry P\u00e9rez, l\u00edder campesino en El Catatumbo, la esposa Elibeth Murcia no soport\u00f3 m\u00e1s la tensi\u00f3n que vive en casa y clam\u00f3 por una noticia de su paradero, \u201cla que sea, para saber a qu\u00e9 atenerse\u201d. Lo dijo mientras las l\u00e1grimas comenzaban a recorrer el rostro y &hellip;<\/p>\n","protected":false},"author":1,"featured_media":27666,"comment_status":"open","ping_status":"open","sticky":false,"template":"","format":"standard","meta":{"footnotes":""},"categories":[4,32],"tags":[3086,3085,1557],"class_list":["post-27665","post","type-post","status-publish","format-standard","has-post-thumbnail","hentry","category-barra","category-recorrido-por-la-region","tag-desaparecido","tag-henry-perez","tag-victimas-de-desaparicion-forzada-en-norte-de-santander"],"_links":{"self":[{"href":"https:\/\/contraluzcucuta.co\/index.php?rest_route=\/wp\/v2\/posts\/27665","targetHints":{"allow":["GET"]}}],"collection":[{"href":"https:\/\/contraluzcucuta.co\/index.php?rest_route=\/wp\/v2\/posts"}],"about":[{"href":"https:\/\/contraluzcucuta.co\/index.php?rest_route=\/wp\/v2\/types\/post"}],"author":[{"embeddable":true,"href":"https:\/\/contraluzcucuta.co\/index.php?rest_route=\/wp\/v2\/users\/1"}],"replies":[{"embeddable":true,"href":"https:\/\/contraluzcucuta.co\/index.php?rest_route=%2Fwp%2Fv2%2Fcomments&post=27665"}],"version-history":[{"count":1,"href":"https:\/\/contraluzcucuta.co\/index.php?rest_route=\/wp\/v2\/posts\/27665\/revisions"}],"predecessor-version":[{"id":27667,"href":"https:\/\/contraluzcucuta.co\/index.php?rest_route=\/wp\/v2\/posts\/27665\/revisions\/27667"}],"wp:featuredmedia":[{"embeddable":true,"href":"https:\/\/contraluzcucuta.co\/index.php?rest_route=\/wp\/v2\/media\/27666"}],"wp:attachment":[{"href":"https:\/\/contraluzcucuta.co\/index.php?rest_route=%2Fwp%2Fv2%2Fmedia&parent=27665"}],"wp:term":[{"taxonomy":"category","embeddable":true,"href":"https:\/\/contraluzcucuta.co\/index.php?rest_route=%2Fwp%2Fv2%2Fcategories&post=27665"},{"taxonomy":"post_tag","embeddable":true,"href":"https:\/\/contraluzcucuta.co\/index.php?rest_route=%2Fwp%2Fv2%2Ftags&post=27665"}],"curies":[{"name":"wp","href":"https:\/\/api.w.org\/{rel}","templated":true}]}}