{"id":27661,"date":"2016-07-26T15:20:23","date_gmt":"2016-07-26T20:20:23","guid":{"rendered":"http:\/\/contraluzcucuta.co\/?p=27661"},"modified":"2016-07-26T15:20:23","modified_gmt":"2016-07-26T20:20:23","slug":"feria-regional-ondas-seis-grupos-de-investigacion-representaran-norte-de-santander-2","status":"publish","type":"post","link":"https:\/\/contraluzcucuta.co\/?p=27661","title":{"rendered":"FERIA REGIONAL ONDAS. Seis grupos de investigaci\u00f3n representar\u00e1n a Norte de Santander"},"content":{"rendered":"<p><strong>C\u00daCUTA.-<\/strong> Seis grupos de investigaci\u00f3n que han destacado en el proyecto Enjambre participar\u00e1n en la \u2018<a href=\"https:\/\/contraluzcucuta.co\/articulos\/feria-regional-ondas-seis-grupos-de-investigacion-representaran-norte-de-santander\/\">Feria Regional Ondas<\/a>, Yo Amo la Ciencia 2016\u2019, en representaci\u00f3n de Norte de Santander. El encuentro educativo se desarrollar\u00e1 hasta el 29 de julio, en Quibd\u00f3. Cada grupo asistir\u00e1 con un docente y dos estudiantes.<\/p>\n<p>Los grupos son AromaTIC (C\u00e1cota), WaterTIC (Villa del Rosario), Aprender a pensar y Semilleros del Saber (Pamplona), Imaginaci\u00f3n verde (Labateca) y Emprendedores del saber (Los Patios).<\/p>\n<p>El proyecto Enjambre, desde inicios de 2014, prepara y forma a estudiantes y docentes en la cultura ciudadana, virtual, digital y democr\u00e1tica en ciencia, tecnolog\u00eda e innovaci\u00f3n, mediante la investigaci\u00f3n como estrategia pedag\u00f3gica apoyada en las TIC, en instituciones educativas del departamento.<\/p>\n<p>El proyecto Enjambre ha organizado 207 ferias institucionales, municipales y departamentales y han sido invitados a una nacional y una internacional.<\/p>\n<p>Los trabajos seleccionados son los siguientes:<\/p>\n<ol>\n<li><strong> T\u00edtulo de la Investigaci\u00f3n: \u00bfYo ahorro el agua y Tu?<\/strong><\/li>\n<\/ol>\n<p>Nombre del grupo de investigaci\u00f3n: WaterTIC<\/p>\n<p>Nombre de la instituci\u00f3n Educativa: IE Manuel Antonio Rueda Jara<\/p>\n<p>\u00c1rea del conocimiento: Ciencias Naturales<\/p>\n<ol start=\"2\">\n<li><strong> T\u00edtulo de la Investigaci\u00f3n: La Importancia de las Arom\u00e1ticas<\/strong><\/li>\n<\/ol>\n<p>Nombre del grupo de investigaci\u00f3n: Aroma-TIC Orveco<\/p>\n<p>Nombre de la instituci\u00f3n Educativa: Colegio Ortun Velasco<\/p>\n<p>\u00c1rea del conocimiento: Emprendimiento<\/p>\n<ol start=\"3\">\n<li><strong> T\u00edtulo de la Investigaci\u00f3n: Organizaci\u00f3n econ\u00f3mica de los<\/strong> <strong>establecimientos comerciales de Los Patios.<\/strong><\/li>\n<\/ol>\n<p>Nombre del grupo de investigaci\u00f3n: Emprendedores del saber<\/p>\n<p>Nombre de la instituci\u00f3n Educativa: IE Colegio 11 de Noviembre<\/p>\n<p>\u00c1rea del conocimiento: Emprendimiento<\/p>\n<ol start=\"4\">\n<li><strong> T\u00edtulo de la Investigaci\u00f3n: Cuidado e importancia de la <\/strong>inocuidad y mejoramiento de los cultivos en el vivero Colnuesano<\/li>\n<\/ol>\n<p>Nombre del grupo de investigaci\u00f3n: Imaginaci\u00f3n Verde<\/p>\n<p>Nombre de la instituci\u00f3n Educativa: Colegio Nuestra Se\u00f1ora de las Angustias<\/p>\n<p>\u00c1rea del conocimiento: Ciencias Naturales<\/p>\n<ol start=\"5\">\n<li><strong> T\u00edtulo de la Investigaci\u00f3n: Implementaci\u00f3n de Estrategias de Lectura<\/strong><\/li>\n<\/ol>\n<p>Nombre del grupo de investigaci\u00f3n: Semilleros del Saber<\/p>\n<p>Nombre de la instituci\u00f3n Educativa: Bethlemitas Brighton<\/p>\n<p>\u00c1rea del conocimiento: Acad\u00e9mico<\/p>\n<ol start=\"6\">\n<li><strong> T\u00edtulo de la Investigaci\u00f3n: Mejoramiento del uso del tiempo libre en estudiantes<\/strong><\/li>\n<\/ol>\n<p>Nombre del grupo de investigaci\u00f3n: Aprender A Pensar: Investigadora\u00b4S<\/p>\n<p>Nombre de la instituci\u00f3n Educativa: Colegio T\u00e9cnico la Presentaci\u00f3n<\/p>\n<p>\u00c1rea del conocimiento: Convivencia y Derechos<\/p>\n<p><strong>Foto: PRENSA GOBERNACI\u00d3N<\/strong><\/p>\n<p>Ver documento completo en: <a href=\"https:\/\/contraluzcucuta.co\/articulos\/feria-regional-ondas-seis-grupos-de-investigacion-representaran-norte-de-santander\/\">https:\/\/contraluzcucuta.co\/articulos\/feria-regional-ondas-seis-grupos-de-investigacion-representaran-norte-de-santander\/<\/a><\/p>\n<p><strong>\u00a0<\/strong> <\/p>\n","protected":false},"excerpt":{"rendered":"<p>C\u00daCUTA.- Seis grupos de investigaci\u00f3n que han destacado en el proyecto Enjambre participar\u00e1n en la \u2018Feria Regional Ondas, Yo Amo la Ciencia 2016\u2019, en representaci\u00f3n de Norte de Santander. El encuentro educativo se desarrollar\u00e1 hasta el 29 de julio, en Quibd\u00f3. Cada grupo asistir\u00e1 con un docente y dos estudiantes. Los grupos son AromaTIC (C\u00e1cota), &hellip;<\/p>\n","protected":false},"author":1,"featured_media":27662,"comment_status":"open","ping_status":"open","sticky":false,"template":"","format":"standard","meta":{"footnotes":""},"categories":[4,2630],"tags":[2923,3084,379],"class_list":["post-27661","post","type-post","status-publish","format-standard","has-post-thumbnail","hentry","category-barra","category-gobernacion","tag-colciencias","tag-feria-regional-ondas","tag-gobernacion-de-norte-de-santander"],"_links":{"self":[{"href":"https:\/\/contraluzcucuta.co\/index.php?rest_route=\/wp\/v2\/posts\/27661","targetHints":{"allow":["GET"]}}],"collection":[{"href":"https:\/\/contraluzcucuta.co\/index.php?rest_route=\/wp\/v2\/posts"}],"about":[{"href":"https:\/\/contraluzcucuta.co\/index.php?rest_route=\/wp\/v2\/types\/post"}],"author":[{"embeddable":true,"href":"https:\/\/contraluzcucuta.co\/index.php?rest_route=\/wp\/v2\/users\/1"}],"replies":[{"embeddable":true,"href":"https:\/\/contraluzcucuta.co\/index.php?rest_route=%2Fwp%2Fv2%2Fcomments&post=27661"}],"version-history":[{"count":1,"href":"https:\/\/contraluzcucuta.co\/index.php?rest_route=\/wp\/v2\/posts\/27661\/revisions"}],"predecessor-version":[{"id":27663,"href":"https:\/\/contraluzcucuta.co\/index.php?rest_route=\/wp\/v2\/posts\/27661\/revisions\/27663"}],"wp:featuredmedia":[{"embeddable":true,"href":"https:\/\/contraluzcucuta.co\/index.php?rest_route=\/wp\/v2\/media\/27662"}],"wp:attachment":[{"href":"https:\/\/contraluzcucuta.co\/index.php?rest_route=%2Fwp%2Fv2%2Fmedia&parent=27661"}],"wp:term":[{"taxonomy":"category","embeddable":true,"href":"https:\/\/contraluzcucuta.co\/index.php?rest_route=%2Fwp%2Fv2%2Fcategories&post=27661"},{"taxonomy":"post_tag","embeddable":true,"href":"https:\/\/contraluzcucuta.co\/index.php?rest_route=%2Fwp%2Fv2%2Ftags&post=27661"}],"curies":[{"name":"wp","href":"https:\/\/api.w.org\/{rel}","templated":true}]}}