{"id":27649,"date":"2016-07-24T20:39:39","date_gmt":"2016-07-25T01:39:39","guid":{"rendered":"http:\/\/contraluzcucuta.co\/?p=27649"},"modified":"2016-07-24T20:39:39","modified_gmt":"2016-07-25T01:39:39","slug":"siembra-vida-siembra-paz-jornada-por-una-vida-digna-en-cerro-norte","status":"publish","type":"post","link":"https:\/\/contraluzcucuta.co\/?p=27649","title":{"rendered":"\u2018SIEMBRA VIDA, SIEMBRA PAZ\u2019. Jornada por una vida digna, en Cerro Norte"},"content":{"rendered":"<p><strong>C\u00daCUTA.-<\/strong> Residentes del barrio Cerro Norte participaron en la tercera Jornada por una vida digna, en desarrollo del programa \u2018Siembra Vida, Siembra Paz\u2019, \u00a0de la Secretar\u00eda de Posconflicto y Cultura de Paz. La actividad hace parte de los Sujetos de Reparaci\u00f3n Colectiva y que por mucho tiempo hab\u00edan sido olvidados por la administraci\u00f3n municipal.<\/p>\n<p>El espacio se prest\u00f3 para que se ofrecieran servicios, atenci\u00f3n y orientaci\u00f3n por parte de la Personer\u00eda y el Instituto Colombiano de Bienestar Familiar ICBF y Bienestar Social. Adem\u00e1s, se desarrollaron:<\/p>\n<p>1.- Consultas de estado de reparaci\u00f3n a la Unidad para las V\u00edctimas<\/p>\n<p>2.- Afiliaciones a ARS por parte de la Nueva EPS y Cafesalud<\/p>\n<p>3.- Actualizaciones y novedades de datos en Familias en Acci\u00f3n<\/p>\n<p>4.- Oferta institucional del Sena, secretar\u00edas de Equidad de G\u00e9nero y Posconflicto<\/p>\n<p>5.- Registros en Sisb\u00e9n<\/p>\n<p>6.- Banco del Progreso ofreci\u00f3 apoyo mediante microcr\u00e9ditos, negocios formados e ideas de negocios<\/p>\n<p>7.- Ofertas de programas en salud p\u00fablica de la Secretar\u00eda de Salud.<\/p>\n<p>Hubo diversi\u00f3n para ni\u00f1os y adolescentes por parte del Ej\u00e9rcito y Polic\u00eda, obras de teatro y t\u00edteres encaminados al perd\u00f3n y la paz liderados por la Secretar\u00eda Municipal de Cultura; bailoterapia y escuelas de f\u00fatbol, por el IMRD.<\/p>\n<p>La secretaria de Posconflicto, Omaira Gonz\u00e1lez, dijo que \u201cesperamos llegar al mayor n\u00famero de personas con estos espacios de inclusi\u00f3n y atenci\u00f3n. Son unos 500 n\u00facleos familiares que se benefician, por visita\u201d.<\/p>\n<p>V\u00edctimas de la guerra que durante mes y medio se capacitaron y se beneficiaron con los cursos complementarios de formaci\u00f3n en mercadeo y ventas en convenio con el Sena, aprovecharon la jornada para ofrecer sus productos.<\/p>\n<p>Las siguientes jornadas ser\u00e1n:<\/p>\n<p>1.- 6 de agosto, en La Conquista Guadalupe<\/p>\n<p>2.- 20 de agosto, Valles del Tunal<\/p>\n<p>3.- 10 de septiembre, vereda Banco de Arena<\/p>\n<p>4.- Primero de octubre, Carolinas, Sabana Verde<\/p>\n<p>5.- 22 de octubre, Nazareth<\/p>\n<p>6.- 12 de noviembre, Ciudad Rodeo<\/p>\n<p>7.- 26 de noviembre, La Primavera.<\/p>\n<p><strong>Foto: PRENSA ALCALD\u00cdA<\/strong><\/p>\n<p>&nbsp;<\/p>\n<p>&nbsp; <\/p>\n","protected":false},"excerpt":{"rendered":"<p>C\u00daCUTA.- Residentes del barrio Cerro Norte participaron en la tercera Jornada por una vida digna, en desarrollo del programa \u2018Siembra Vida, Siembra Paz\u2019, \u00a0de la Secretar\u00eda de Posconflicto y Cultura de Paz. La actividad hace parte de los Sujetos de Reparaci\u00f3n Colectiva y que por mucho tiempo hab\u00edan sido olvidados por la administraci\u00f3n municipal. El &hellip;<\/p>\n","protected":false},"author":1,"featured_media":27650,"comment_status":"open","ping_status":"open","sticky":false,"template":"","format":"standard","meta":{"footnotes":""},"categories":[2625],"tags":[226,3082,3081],"class_list":["post-27649","post","type-post","status-publish","format-standard","has-post-thumbnail","hentry","category-alcaldia-de-cucuta","tag-alcaldia-de-cucuta","tag-jornada-por-una-vida-digna","tag-secretaria-de-posconflicto"],"_links":{"self":[{"href":"https:\/\/contraluzcucuta.co\/index.php?rest_route=\/wp\/v2\/posts\/27649","targetHints":{"allow":["GET"]}}],"collection":[{"href":"https:\/\/contraluzcucuta.co\/index.php?rest_route=\/wp\/v2\/posts"}],"about":[{"href":"https:\/\/contraluzcucuta.co\/index.php?rest_route=\/wp\/v2\/types\/post"}],"author":[{"embeddable":true,"href":"https:\/\/contraluzcucuta.co\/index.php?rest_route=\/wp\/v2\/users\/1"}],"replies":[{"embeddable":true,"href":"https:\/\/contraluzcucuta.co\/index.php?rest_route=%2Fwp%2Fv2%2Fcomments&post=27649"}],"version-history":[{"count":1,"href":"https:\/\/contraluzcucuta.co\/index.php?rest_route=\/wp\/v2\/posts\/27649\/revisions"}],"predecessor-version":[{"id":27651,"href":"https:\/\/contraluzcucuta.co\/index.php?rest_route=\/wp\/v2\/posts\/27649\/revisions\/27651"}],"wp:featuredmedia":[{"embeddable":true,"href":"https:\/\/contraluzcucuta.co\/index.php?rest_route=\/wp\/v2\/media\/27650"}],"wp:attachment":[{"href":"https:\/\/contraluzcucuta.co\/index.php?rest_route=%2Fwp%2Fv2%2Fmedia&parent=27649"}],"wp:term":[{"taxonomy":"category","embeddable":true,"href":"https:\/\/contraluzcucuta.co\/index.php?rest_route=%2Fwp%2Fv2%2Fcategories&post=27649"},{"taxonomy":"post_tag","embeddable":true,"href":"https:\/\/contraluzcucuta.co\/index.php?rest_route=%2Fwp%2Fv2%2Ftags&post=27649"}],"curies":[{"name":"wp","href":"https:\/\/api.w.org\/{rel}","templated":true}]}}