{"id":27637,"date":"2016-07-24T18:22:39","date_gmt":"2016-07-24T23:22:39","guid":{"rendered":"http:\/\/contraluzcucuta.co\/?p=27637"},"modified":"2016-07-24T18:22:39","modified_gmt":"2016-07-24T23:22:39","slug":"dialogos-regionales-de-que-constan-los-foros-por-la-paz-del-igac","status":"publish","type":"post","link":"https:\/\/contraluzcucuta.co\/?p=27637","title":{"rendered":"DI\u00c1LOGOS REGIONALES. \u00bfDe qu\u00e9 constan los foros por la paz del Igac?"},"content":{"rendered":"<p>Los di\u00e1logos sociales impulsados por el Instituto Geogr\u00e1fico Agust\u00edn Codazzi est\u00e1n enmarcados en una serie de retos. Para darlos a conocer se implementaron foros en Florencia, C\u00facuta, Cali, Riohacha y Bogot\u00e1, en los que se har\u00e1n presentaciones te\u00f3rico-pr\u00e1cticas sobre:<\/p>\n<p>1.- Socializaci\u00f3n del plan 2014-2018 del Igac frente al posconflicto<\/p>\n<p>2.- Visibilizar el rol del instituto en el marco de la Ley de V\u00edctimas y Restituci\u00f3n de Tierras<\/p>\n<p>3.- Aporte en la implementaci\u00f3n de los acuerdos de paz<\/p>\n<p>4.- Desarrollo rural.<\/p>\n<p>\u201cCrearemos un espacio de interlocuci\u00f3n con los actores claves en el marco de la pol\u00edtica de tierras y desarrollo rural y con las instituciones que trabajan por el desarrollo agrario\u201d, dijo Juan Antonio Nieto, director general del Igac.<\/p>\n<p>Adem\u00e1s, transferir\u00e1n capacidades a ni\u00f1os y estudiantes, futuros ciudadanos del pa\u00eds, sobre la importancia del cuidado de la tierra y el aprovechamiento adecuado de los suelos. La meta es concienciarlos de que la paz se construye desde los conocimientos que se generan con los productos y servicios de la entidad.<\/p>\n<p>\u201cTendremos reflexiones sobre los retos y desaf\u00edos para el pa\u00eds en t\u00e9rminos de construcci\u00f3n de paz y las implicaciones de la reforma del Estado, incluyendo el trabajo interinstitucional y multidisciplinario que debe desarrollarse desde el Igac\u201d, agreg\u00f30.<\/p>\n<p>Cada di\u00e1logo social contar\u00e1 con la presencia de un experto nacional en temas de desarrollo rural y cuatro t\u00e9cnicos con experiencia en la generaci\u00f3n de conocimiento del Igac. Se llevar\u00e1 a cabo un panel con los expertos, que tendr\u00e1 como funci\u00f3n dar las conclusiones y recomendaciones de las experiencias adquiridas.<\/p>\n<p>Las charlas abordar\u00e1n la pol\u00edtica de tierras, desarrollo rural, estudio de suelos y catastro multiprop\u00f3sito. Tambi\u00e9n, permitir\u00e1n plantear di\u00e1logos sobre la importancia que desempe\u00f1a el instituto para alcanzar los objetivos del acuerdo de paz y cumplir verdaderos procesos de liderazgo.<\/p>\n<p><strong>Conociendo la geograf\u00eda de la paz<\/strong><\/p>\n<p>La presencia del Igac en las regiones contempla la ejecuci\u00f3n de actividades l\u00fadicas dirigidas a ni\u00f1os y adolescentes:<\/p>\n<p>1.- Pint\u00e9monos por la paz. Pinturas en el marco de la paz y creaci\u00f3n de un mural sobre la visi\u00f3n que tienen sobre la paz<\/p>\n<p>2.- Cuentos, leyendas, identidad e imaginaci\u00f3n. Leyendas y zonas de cuidado ambiental en las regiones<\/p>\n<p>3.- Buzones de paz, tierras y medio ambiente. Escritura de cartas dirigidas al alcalde, gobernador o presidente, sobre el futuro<\/p>\n<p>4.- El personaje de la paz: Agust\u00edn Codazzi. Personificaci\u00f3n del inspirador y ge\u00f3grafo de la entidad.<\/p>\n<p>Las cuatro ciudades epicentro de los encuentros contar\u00e1n con la presencia de la unidad m\u00f3vil del Igac, que brinda informaci\u00f3n y asesor\u00eda en temas relacionados con la misi\u00f3n de la entidad.<\/p>\n<p>A finalizar cada charla regional se har\u00e1 un \u2018Lienzo por la paz\u2019, en el que los ciudadanos y las organizaciones de la sociedad civil pintar\u00e1n su compromiso con la paz de sus territorios y las acciones emprendidas para cuidar los suelos e incentivar el desarrollo de sus regiones.<\/p>\n<p><strong>Foto: zonacero.com<\/strong> <\/p>\n","protected":false},"excerpt":{"rendered":"<p>Los di\u00e1logos sociales impulsados por el Instituto Geogr\u00e1fico Agust\u00edn Codazzi est\u00e1n enmarcados en una serie de retos. Para darlos a conocer se implementaron foros en Florencia, C\u00facuta, Cali, Riohacha y Bogot\u00e1, en los que se har\u00e1n presentaciones te\u00f3rico-pr\u00e1cticas sobre: 1.- Socializaci\u00f3n del plan 2014-2018 del Igac frente al posconflicto 2.- Visibilizar el rol del instituto &hellip;<\/p>\n","protected":false},"author":1,"featured_media":27638,"comment_status":"open","ping_status":"open","sticky":false,"template":"","format":"standard","meta":{"footnotes":""},"categories":[4,32],"tags":[1438,3078,2648],"class_list":["post-27637","post","type-post","status-publish","format-standard","has-post-thumbnail","hentry","category-barra","category-recorrido-por-la-region","tag-conflicto-armado-en-colombia","tag-dialogos-regionales-de-paz","tag-igac-norte-de-santander"],"_links":{"self":[{"href":"https:\/\/contraluzcucuta.co\/index.php?rest_route=\/wp\/v2\/posts\/27637","targetHints":{"allow":["GET"]}}],"collection":[{"href":"https:\/\/contraluzcucuta.co\/index.php?rest_route=\/wp\/v2\/posts"}],"about":[{"href":"https:\/\/contraluzcucuta.co\/index.php?rest_route=\/wp\/v2\/types\/post"}],"author":[{"embeddable":true,"href":"https:\/\/contraluzcucuta.co\/index.php?rest_route=\/wp\/v2\/users\/1"}],"replies":[{"embeddable":true,"href":"https:\/\/contraluzcucuta.co\/index.php?rest_route=%2Fwp%2Fv2%2Fcomments&post=27637"}],"version-history":[{"count":1,"href":"https:\/\/contraluzcucuta.co\/index.php?rest_route=\/wp\/v2\/posts\/27637\/revisions"}],"predecessor-version":[{"id":27639,"href":"https:\/\/contraluzcucuta.co\/index.php?rest_route=\/wp\/v2\/posts\/27637\/revisions\/27639"}],"wp:featuredmedia":[{"embeddable":true,"href":"https:\/\/contraluzcucuta.co\/index.php?rest_route=\/wp\/v2\/media\/27638"}],"wp:attachment":[{"href":"https:\/\/contraluzcucuta.co\/index.php?rest_route=%2Fwp%2Fv2%2Fmedia&parent=27637"}],"wp:term":[{"taxonomy":"category","embeddable":true,"href":"https:\/\/contraluzcucuta.co\/index.php?rest_route=%2Fwp%2Fv2%2Fcategories&post=27637"},{"taxonomy":"post_tag","embeddable":true,"href":"https:\/\/contraluzcucuta.co\/index.php?rest_route=%2Fwp%2Fv2%2Ftags&post=27637"}],"curies":[{"name":"wp","href":"https:\/\/api.w.org\/{rel}","templated":true}]}}