{"id":27634,"date":"2016-07-24T17:25:20","date_gmt":"2016-07-24T22:25:20","guid":{"rendered":"http:\/\/contraluzcucuta.co\/?p=27634"},"modified":"2016-07-24T17:25:20","modified_gmt":"2016-07-24T22:25:20","slug":"notas-al-margen-llego-la-hora-para-analizar-el-futuro-fronterizo","status":"publish","type":"post","link":"https:\/\/contraluzcucuta.co\/?p=27634","title":{"rendered":"NOTAS AL MARGEN. \u00bfLleg\u00f3 la hora para analizar el futuro fronterizo?"},"content":{"rendered":"<p>1.- Pocas veces hab\u00eda sentido a la ciudad y a sus inmediaciones &#8211; tanto en lo nacional, como en lo venezolano \u2013 con tanta apat\u00eda, incertidumbre y carencia de fijaci\u00f3n de criterios, sobre el inmediato futuro y sus perspectivas como las que capt\u00e9 con ocasi\u00f3n de las festividades y ferias que se programaron, a pobladores y vecinos, porque no se vislumbra, ni hay acciones que lo pregonen o anuncien, un cierto y verdadero proceso de planes, programas y gestiones que conduzcan hacia la visi\u00f3n de un nuevo y progresista momento.<\/p>\n<p>\u00bfD\u00f3nde est\u00e1n los anuncios sobre La Nueva Frontera y las bases o fundamentos que la sustenten? \u00bfCu\u00e1les las tem\u00e1ticas que encierren ese cometido y prop\u00f3sito tan\u00a0 ansiosamente esperado? \u00bfQu\u00e9 opina el empresariado regional en sus diversos campos y matices? \u00bfQu\u00e9 expectativas en atracci\u00f3n de iniciativas y proyectos generadores de empleo se insin\u00faan? \u00bfHay definici\u00f3n, o al menos buenos prop\u00f3sitos, sobre labores y empe\u00f1os compartidos entre Colombia y Venezuela?\u00a0 \u00bfLas universidades, con profesores y estudiantes,\u00a0 han sido convocadas para impulsar investigaciones sobre determinados campos y materias? \u00bfHay en marcha alg\u00fan actualizado programa que involucre al Bloque Nororiental de Colombia con el desarrollo fronterizo? \u00bfA nivel presidencial, ministerial, en lo Ejecutivo como en lo pol\u00edtico, en Senado y C\u00e1mara, en lo Legislativo, hay argumentos y tesis que se promuevan y discutan en torno a las actividades y programas que desde las fronteras se pudieran implementar para estimular estas \u00e1reas y zonas abandonadas y marginales? \u00bfQu\u00e9 entidades o asociaciones privadas nacionales se asoman sobre el enfoque y las realidades que requieren estas fajas territoriales?<\/p>\n<p>S\u00ed, es tanta la soledad y la indiferencia en la presencia, participaci\u00f3n y\u00a0 manejo de la suerte fronteriza que a veces sorprende y\u00a0 asombra la titulaci\u00f3n que se hace desde el centro de la naci\u00f3n sobre lo que son y representan en opciones y valencias estas esquinas de la Rep\u00fablica. Y lo que desde aqu\u00ed se calla o se pasa en silencio.<\/p>\n<p>2.- \u00bfNo es este el momento para que con\u00a0 apoyo de lo gubernamental, pol\u00edtico y privado, se haga un convite o invitaci\u00f3n a un gran\u00a0 debate sobre el futuro de nuestras fronteras\u00a0 y especialmente sobre el \u00e1rea central de la zona colombo-venezolana? \u00bfNo es, acaso, esta la hora de las Fronteras?<\/p>\n<p>3.- Un prop\u00f3sito de esta naturaleza generar\u00eda gran variedad de puntos de vista, pero ante todo una visi\u00f3n de futuro que debe examinarse desde diversas opciones y, fundamentalmente, desde la ubicaci\u00f3n geoestrat\u00e9gica, las enormes posibilidades de labores conjuntas con Venezuela y la urgencia de aut\u00e9nticos y progresistas generadores de empleo, que transformen y proyecten en desarrollos trascendentes lo que desde estos lugares de encuentro y valoraci\u00f3n de posibilidades est\u00e1n necesitando. Y, obviamente, para que se pulse, examine y otorgue apoyo a la creaci\u00f3n de Parques industriales y Tecnol\u00f3gicos, Zonas Francas Especializadas y Zona Aduanera para maquiladoras, iniciativa que se present\u00f3 a la consideraci\u00f3n de las canciller\u00edas de Colombia y Venezuela, pero que hasta ahora, y distinto a una buena recepci\u00f3n\u00a0 del presidente Juan Manuel Santos que remiti\u00f3 una estimulante nota cuando le hicimos llegar el contenido y alcance de lo propuesto, nada se ha expuesto o advertido.<\/p>\n<p>C\u00e9sar Vallejo Mej\u00eda, Sergio Entrena L\u00f3pez, Pedro Sayago Rojas, Alfonso Mar\u00eda Padilla y quien suscribe estas notas, integrantes del grupo de estudio que present\u00f3 la iniciativa para estudio y valoraci\u00f3n- previo\u00a0 examen de alternativas\u00a0 y posibles labores y beneficios compartidos entre Colombia y Venezuela- vivamente esperamos una positiva respuesta para que se d\u00e9\u00a0 inicio y\u00a0 estructuraci\u00f3n al despegue hacia el futuro de estas fronteras que claman \u2013con raz\u00f3n y fundamento \u2013 de asistencia y apoyo manteniendo desde sus l\u00edmites y para su progreso el pensamiento de los libertadores, bajo la consigna y anhelo de uni\u00f3n, uni\u00f3n, uni\u00f3n.<\/p>\n<p><strong>JOS\u00c9 NEIRA REY <\/strong><\/p>\n<p><a href=\"mailto:jneirarey@hotmail.com\">jneirarey@hotmail.com<\/a><\/p>\n<p>Foto: \u00a0<a href=\"http:\/\/www.notipanda.com\">www.notipanda.com<\/a><\/p>\n<p>&nbsp; <\/p>\n","protected":false},"excerpt":{"rendered":"<p>1.- Pocas veces hab\u00eda sentido a la ciudad y a sus inmediaciones &#8211; tanto en lo nacional, como en lo venezolano \u2013 con tanta apat\u00eda, incertidumbre y carencia de fijaci\u00f3n de criterios, sobre el inmediato futuro y sus perspectivas como las que capt\u00e9 con ocasi\u00f3n de las festividades y ferias que se programaron, a pobladores &hellip;<\/p>\n","protected":false},"author":1,"featured_media":27635,"comment_status":"open","ping_status":"open","sticky":false,"template":"","format":"standard","meta":{"footnotes":""},"categories":[14,4],"tags":[2483,382,956,3048],"class_list":["post-27634","post","type-post","status-publish","format-standard","has-post-thumbnail","hentry","category-articulistas","category-barra","tag-crisis-en-la-frontera","tag-jose-neira","tag-notas-al-margen","tag-paso-de-venezolanos"],"_links":{"self":[{"href":"https:\/\/contraluzcucuta.co\/index.php?rest_route=\/wp\/v2\/posts\/27634","targetHints":{"allow":["GET"]}}],"collection":[{"href":"https:\/\/contraluzcucuta.co\/index.php?rest_route=\/wp\/v2\/posts"}],"about":[{"href":"https:\/\/contraluzcucuta.co\/index.php?rest_route=\/wp\/v2\/types\/post"}],"author":[{"embeddable":true,"href":"https:\/\/contraluzcucuta.co\/index.php?rest_route=\/wp\/v2\/users\/1"}],"replies":[{"embeddable":true,"href":"https:\/\/contraluzcucuta.co\/index.php?rest_route=%2Fwp%2Fv2%2Fcomments&post=27634"}],"version-history":[{"count":1,"href":"https:\/\/contraluzcucuta.co\/index.php?rest_route=\/wp\/v2\/posts\/27634\/revisions"}],"predecessor-version":[{"id":27636,"href":"https:\/\/contraluzcucuta.co\/index.php?rest_route=\/wp\/v2\/posts\/27634\/revisions\/27636"}],"wp:featuredmedia":[{"embeddable":true,"href":"https:\/\/contraluzcucuta.co\/index.php?rest_route=\/wp\/v2\/media\/27635"}],"wp:attachment":[{"href":"https:\/\/contraluzcucuta.co\/index.php?rest_route=%2Fwp%2Fv2%2Fmedia&parent=27634"}],"wp:term":[{"taxonomy":"category","embeddable":true,"href":"https:\/\/contraluzcucuta.co\/index.php?rest_route=%2Fwp%2Fv2%2Fcategories&post=27634"},{"taxonomy":"post_tag","embeddable":true,"href":"https:\/\/contraluzcucuta.co\/index.php?rest_route=%2Fwp%2Fv2%2Ftags&post=27634"}],"curies":[{"name":"wp","href":"https:\/\/api.w.org\/{rel}","templated":true}]}}