{"id":27611,"date":"2016-07-23T11:33:58","date_gmt":"2016-07-23T16:33:58","guid":{"rendered":"http:\/\/contraluzcucuta.co\/?p=27611"},"modified":"2016-07-23T11:33:58","modified_gmt":"2016-07-23T16:33:58","slug":"condecoracion-asamblea-creara-medalla-francisco-de-paula-santander","status":"publish","type":"post","link":"https:\/\/contraluzcucuta.co\/?p=27611","title":{"rendered":"CONDECORACI\u00d3N. Asamblea crear\u00e1 Medalla Francisco de Paula Santander"},"content":{"rendered":"<p><strong>C\u00daCUTA.-<\/strong> Los nortesantandereanos destacados por el trabajo que desempe\u00f1an a favor del departamento, por el empe\u00f1o que ponen para sacar adelante la regi\u00f3n y por el servicio que presten para contribuir con el desarrollo ser\u00e1n condecorados con la medalla \u2018Francisco de Paula Santander\u2019.<\/p>\n<p>La Comisi\u00f3n de Educaci\u00f3n de la Asamblea de Norte de Santander debati\u00f3 el proyecto de Ordenanza que crea la distinci\u00f3n para los hombres y mujeres que saquen adelante el departamento. Los diputados estimaron necesario reconocer y exaltar a personas naturales, jur\u00eddicas, instituciones nacionales y extranjeras por los servicios prestados al departamento y al pueblo nortesantandereano.<\/p>\n<p>La medalla honrar\u00e1 el nombre del ilustre pr\u00f3cer de la independencia nacido en Villa del Rosario. En plenaria se expondr\u00e1n las razones por las cuales se entregar\u00e1 el galard\u00f3n y a qui\u00e9n, luego de estudiarse la hoja de vida y ser sustentada por el diputado postulante.<\/p>\n<p>Los miembros de la corporaci\u00f3n votar\u00e1n y por mayor\u00eda se impondr\u00e1 el reconocimiento al seleccionado, en la fecha establecida y en acto solemne. Al no estar en periodo de sesiones la mesa directiva notificar\u00e1 a los diputados por secretar\u00eda general que se solicita la condecoraci\u00f3n y se estudiar\u00e1 y aprobar\u00e1. Si un diputado, de los 13 que conforman la Asamblea, se opone no se conceder\u00e1 la medalla.<\/p>\n<p>La condecoraci\u00f3n tendr\u00e1 los siguientes grados:<\/p>\n<p>1.- Gran Cruz Francisco de Paula Santander. Impuesta empleados de alto rango de los sectores p\u00fablico o privado que hayan prestado servicios o gestiones a favor del departamento en beneficio de la comunidad<\/p>\n<p>2.- Comendador. Impuesta a personas jur\u00eddicas y naturales que por sus servicios al departamento contribuyeron al desarrollo o destacaron en actividades culturales, cient\u00edficas, deportivas o de servicio social en beneficio de la comunidad.<\/p>\n<p>Al imponer la medalla se har\u00e1 la convocatoria previa al galardonado y en acto solemne de plenaria o en otro espacio se entregar\u00e1. En caso de homenaje p\u00f3stumo se le entregar\u00e1 a la familia.<\/p>\n<p><strong>Foto: blogdebanderas.com<\/strong><\/p>\n<p>&nbsp; <\/p>\n","protected":false},"excerpt":{"rendered":"<p>C\u00daCUTA.- Los nortesantandereanos destacados por el trabajo que desempe\u00f1an a favor del departamento, por el empe\u00f1o que ponen para sacar adelante la regi\u00f3n y por el servicio que presten para contribuir con el desarrollo ser\u00e1n condecorados con la medalla \u2018Francisco de Paula Santander\u2019. La Comisi\u00f3n de Educaci\u00f3n de la Asamblea de Norte de Santander debati\u00f3 &hellip;<\/p>\n","protected":false},"author":1,"featured_media":27612,"comment_status":"open","ping_status":"open","sticky":false,"template":"","format":"standard","meta":{"footnotes":""},"categories":[4,9],"tags":[688,3069,2690],"class_list":["post-27611","post","type-post","status-publish","format-standard","has-post-thumbnail","hentry","category-barra","category-politica","tag-asamblea-de-norte-de-santander","tag-condecoracion","tag-francisco-de-paula-santander"],"_links":{"self":[{"href":"https:\/\/contraluzcucuta.co\/index.php?rest_route=\/wp\/v2\/posts\/27611","targetHints":{"allow":["GET"]}}],"collection":[{"href":"https:\/\/contraluzcucuta.co\/index.php?rest_route=\/wp\/v2\/posts"}],"about":[{"href":"https:\/\/contraluzcucuta.co\/index.php?rest_route=\/wp\/v2\/types\/post"}],"author":[{"embeddable":true,"href":"https:\/\/contraluzcucuta.co\/index.php?rest_route=\/wp\/v2\/users\/1"}],"replies":[{"embeddable":true,"href":"https:\/\/contraluzcucuta.co\/index.php?rest_route=%2Fwp%2Fv2%2Fcomments&post=27611"}],"version-history":[{"count":1,"href":"https:\/\/contraluzcucuta.co\/index.php?rest_route=\/wp\/v2\/posts\/27611\/revisions"}],"predecessor-version":[{"id":27613,"href":"https:\/\/contraluzcucuta.co\/index.php?rest_route=\/wp\/v2\/posts\/27611\/revisions\/27613"}],"wp:featuredmedia":[{"embeddable":true,"href":"https:\/\/contraluzcucuta.co\/index.php?rest_route=\/wp\/v2\/media\/27612"}],"wp:attachment":[{"href":"https:\/\/contraluzcucuta.co\/index.php?rest_route=%2Fwp%2Fv2%2Fmedia&parent=27611"}],"wp:term":[{"taxonomy":"category","embeddable":true,"href":"https:\/\/contraluzcucuta.co\/index.php?rest_route=%2Fwp%2Fv2%2Fcategories&post=27611"},{"taxonomy":"post_tag","embeddable":true,"href":"https:\/\/contraluzcucuta.co\/index.php?rest_route=%2Fwp%2Fv2%2Ftags&post=27611"}],"curies":[{"name":"wp","href":"https:\/\/api.w.org\/{rel}","templated":true}]}}