{"id":27605,"date":"2016-07-21T22:36:02","date_gmt":"2016-07-22T03:36:02","guid":{"rendered":"http:\/\/contraluzcucuta.co\/?p=27605"},"modified":"2016-07-21T22:36:02","modified_gmt":"2016-07-22T03:36:02","slug":"tibu-biblioteca-publica-entre-las-25-mejores-de-colombia","status":"publish","type":"post","link":"https:\/\/contraluzcucuta.co\/?p=27605","title":{"rendered":"TIB\u00da. Biblioteca P\u00fablica, entre las 25 mejores de Colombia"},"content":{"rendered":"<p><strong>TIB\u00da \u2013 Norte de Santander.-<\/strong> \u00a0La biblioteca p\u00fablica de Tib\u00fa, \u2018Monse\u00f1or Juan Jos\u00e9 D\u00edaz Plata\u2019, est\u00e1 entre las posibles ganadoras del Premio Nacional \u2018Daniel Samper Ortega\u2019, que otorgan El Ministerio de Cultura y la Biblioteca Nacional de Colombia. La distinci\u00f3n es el reconocimiento a la calidad en la gesti\u00f3n bibliotecaria de los establecimientos p\u00fablicos.<\/p>\n<p>La biblioteca cumple con est\u00e1ndares de calidad en servicio e impacto, seg\u00fan lo define la convocatoria de la Red Nacional de Bibliotecas P\u00fablicas. Est\u00e1 preseleccionada entre 129 postuladas al galard\u00f3n.<\/p>\n<p>El comit\u00e9 evaluador escogi\u00f3 25 bibliotecas, de las 85 que cumplieron los est\u00e1ndares de calidad de la convocatoria. Se tuvieron en cuenta los siguientes par\u00e1metros:<\/p>\n<p>1.- Motivos de las postulaciones<\/p>\n<p>2.- Porcentaje de cumplimiento de los est\u00e1ndares de calidad requeridos<\/p>\n<p>3.- Procesos asociados a las experiencias significativas.<\/p>\n<p>4.- Integraci\u00f3n de las Tecnolog\u00edas de la Informaci\u00f3n y las Comunicaciones (TIC)<\/p>\n<p>5.- Gesti\u00f3n de alianzas y otras pr\u00e1cticas representativas en servicios y programas de cada biblioteca en sus comunidades.<\/p>\n<p>En esta tercera versi\u00f3n del premio \u2018Daniel Samper Ortega\u2019, el Ministerio de Cultura y la Biblioteca Nacional de Colombia entregan $ 110 millones en est\u00edmulos para las ganadoras, distribuidos as\u00ed:<\/p>\n<p>1.- $ 50 millones primer lugar. El recurso se destinar\u00e1 al fortalecimiento de la biblioteca. Una pasant\u00eda internacional para el bibliotecario en una red de bibliotecas del extranjero.<\/p>\n<p>2.- Tres reconocimientos especiales de $ 20 millones a tres bibliotecas. Cada una se har\u00e1 acreedora a una pasant\u00eda extranjera, para quien sea designado por la instituci\u00f3n seleccionada.<\/p>\n<p>El Premio Nacional de Bibliotecas P\u00fablicas \u2018Daniel Samper Ortega\u2019 es una de las iniciativas del Plan Nacional de Lectura y Escritura \u2018Leer es mi cuento\u2019, que busca aumentar los \u00edndices de lectura en el pa\u00eds, de 1.9 a 3.2 para 2018.<\/p>\n<p>El Ministerio de Cultura propone construir bibliotecas en los lugares m\u00e1s pobres de Colombia y en zonas que han sufrido por la violencia, aumentar la oferta y el acceso a los libros, incrementar las colecciones literarias y conectarlas de manera eficiente a internet.<\/p>\n<p><strong>Foto: PRENSA GOBERNACI\u00d3N<\/strong><\/p>\n<p>&nbsp;<\/p>\n<p>&nbsp; <\/p>\n","protected":false},"excerpt":{"rendered":"<p>TIB\u00da \u2013 Norte de Santander.- \u00a0La biblioteca p\u00fablica de Tib\u00fa, \u2018Monse\u00f1or Juan Jos\u00e9 D\u00edaz Plata\u2019, est\u00e1 entre las posibles ganadoras del Premio Nacional \u2018Daniel Samper Ortega\u2019, que otorgan El Ministerio de Cultura y la Biblioteca Nacional de Colombia. La distinci\u00f3n es el reconocimiento a la calidad en la gesti\u00f3n bibliotecaria de los establecimientos p\u00fablicos. La &hellip;<\/p>\n","protected":false},"author":1,"featured_media":27606,"comment_status":"open","ping_status":"open","sticky":false,"template":"","format":"standard","meta":{"footnotes":""},"categories":[2630,37],"tags":[3067,3068],"class_list":["post-27605","post","type-post","status-publish","format-standard","has-post-thumbnail","hentry","category-gobernacion","category-paseo-cultural","tag-biblioteca-de-tibu","tag-premio-daniel-samper-ortega"],"_links":{"self":[{"href":"https:\/\/contraluzcucuta.co\/index.php?rest_route=\/wp\/v2\/posts\/27605","targetHints":{"allow":["GET"]}}],"collection":[{"href":"https:\/\/contraluzcucuta.co\/index.php?rest_route=\/wp\/v2\/posts"}],"about":[{"href":"https:\/\/contraluzcucuta.co\/index.php?rest_route=\/wp\/v2\/types\/post"}],"author":[{"embeddable":true,"href":"https:\/\/contraluzcucuta.co\/index.php?rest_route=\/wp\/v2\/users\/1"}],"replies":[{"embeddable":true,"href":"https:\/\/contraluzcucuta.co\/index.php?rest_route=%2Fwp%2Fv2%2Fcomments&post=27605"}],"version-history":[{"count":1,"href":"https:\/\/contraluzcucuta.co\/index.php?rest_route=\/wp\/v2\/posts\/27605\/revisions"}],"predecessor-version":[{"id":27607,"href":"https:\/\/contraluzcucuta.co\/index.php?rest_route=\/wp\/v2\/posts\/27605\/revisions\/27607"}],"wp:featuredmedia":[{"embeddable":true,"href":"https:\/\/contraluzcucuta.co\/index.php?rest_route=\/wp\/v2\/media\/27606"}],"wp:attachment":[{"href":"https:\/\/contraluzcucuta.co\/index.php?rest_route=%2Fwp%2Fv2%2Fmedia&parent=27605"}],"wp:term":[{"taxonomy":"category","embeddable":true,"href":"https:\/\/contraluzcucuta.co\/index.php?rest_route=%2Fwp%2Fv2%2Fcategories&post=27605"},{"taxonomy":"post_tag","embeddable":true,"href":"https:\/\/contraluzcucuta.co\/index.php?rest_route=%2Fwp%2Fv2%2Ftags&post=27605"}],"curies":[{"name":"wp","href":"https:\/\/api.w.org\/{rel}","templated":true}]}}