{"id":27602,"date":"2016-07-21T22:10:01","date_gmt":"2016-07-22T03:10:01","guid":{"rendered":"http:\/\/contraluzcucuta.co\/?p=27602"},"modified":"2016-07-21T22:10:01","modified_gmt":"2016-07-22T03:10:01","slug":"velada-cultural-noche-salsera-en-la-glorieta-arnulfo-briceno","status":"publish","type":"post","link":"https:\/\/contraluzcucuta.co\/?p=27602","title":{"rendered":"VELADA CULTURAL. Noche salsera en la glorieta Arnulfo Brice\u00f1o"},"content":{"rendered":"<p><strong>C\u00daCUTA.-<\/strong> La salsa llega a la tradicional velada cultural de Aguas Kp\u00edtal. Este viernes, la noche salsera estar\u00e1 a cargo de la agrupaci\u00f3n cucute\u00f1a Nivelex. La cita es en la glorieta Arnulfo Brice\u00f1o, junto al CAI de la Polic\u00eda en El Malec\u00f3n.<\/p>\n<p>Los amantes de la salsa disfrutar\u00e1n de la mejor interpretaci\u00f3n de los artistas Willie Col\u00f3n, Maelo Ruiz, Joe Arroyo y Marc Anthony, entre otros. El ritmo los animar\u00e1 a bailar y a cantar los cl\u00e1sicos de este g\u00e9nero musical.<\/p>\n<p>Como acto especial se contar\u00e1 con la oratoria del maestro Carlos Hern\u00e1ndez, quien se encargara de hacer un hist\u00f3rico recuento del natalicio del hombre de las leyes Francisco de Paula Santander.<\/p>\n<p>La empresa invita a la comunidad cucute\u00f1a a participar de este espacio creado para la integraci\u00f3n familiar y rescate de la identidad mediante las manifestaciones art\u00edsticas.<\/p>\n<p>La cita es a las 7:00 de la noche. Entrada libre.<\/p>\n<p><strong>Foto: PRENSA AGUAS KPITAL<\/strong> <\/p>\n","protected":false},"excerpt":{"rendered":"<p>C\u00daCUTA.- La salsa llega a la tradicional velada cultural de Aguas Kp\u00edtal. Este viernes, la noche salsera estar\u00e1 a cargo de la agrupaci\u00f3n cucute\u00f1a Nivelex. La cita es en la glorieta Arnulfo Brice\u00f1o, junto al CAI de la Polic\u00eda en El Malec\u00f3n. Los amantes de la salsa disfrutar\u00e1n de la mejor interpretaci\u00f3n de los artistas &hellip;<\/p>\n","protected":false},"author":1,"featured_media":27603,"comment_status":"open","ping_status":"open","sticky":false,"template":"","format":"standard","meta":{"footnotes":""},"categories":[36],"tags":[1270,3066,2257],"class_list":["post-27602","post","type-post","status-publish","format-standard","has-post-thumbnail","hentry","category-la-voz-del-pueblo","tag-aguas-kpital-cucuta","tag-glorieta-arnulfo-briceno","tag-veladas-culturales"],"_links":{"self":[{"href":"https:\/\/contraluzcucuta.co\/index.php?rest_route=\/wp\/v2\/posts\/27602","targetHints":{"allow":["GET"]}}],"collection":[{"href":"https:\/\/contraluzcucuta.co\/index.php?rest_route=\/wp\/v2\/posts"}],"about":[{"href":"https:\/\/contraluzcucuta.co\/index.php?rest_route=\/wp\/v2\/types\/post"}],"author":[{"embeddable":true,"href":"https:\/\/contraluzcucuta.co\/index.php?rest_route=\/wp\/v2\/users\/1"}],"replies":[{"embeddable":true,"href":"https:\/\/contraluzcucuta.co\/index.php?rest_route=%2Fwp%2Fv2%2Fcomments&post=27602"}],"version-history":[{"count":1,"href":"https:\/\/contraluzcucuta.co\/index.php?rest_route=\/wp\/v2\/posts\/27602\/revisions"}],"predecessor-version":[{"id":27604,"href":"https:\/\/contraluzcucuta.co\/index.php?rest_route=\/wp\/v2\/posts\/27602\/revisions\/27604"}],"wp:featuredmedia":[{"embeddable":true,"href":"https:\/\/contraluzcucuta.co\/index.php?rest_route=\/wp\/v2\/media\/27603"}],"wp:attachment":[{"href":"https:\/\/contraluzcucuta.co\/index.php?rest_route=%2Fwp%2Fv2%2Fmedia&parent=27602"}],"wp:term":[{"taxonomy":"category","embeddable":true,"href":"https:\/\/contraluzcucuta.co\/index.php?rest_route=%2Fwp%2Fv2%2Fcategories&post=27602"},{"taxonomy":"post_tag","embeddable":true,"href":"https:\/\/contraluzcucuta.co\/index.php?rest_route=%2Fwp%2Fv2%2Ftags&post=27602"}],"curies":[{"name":"wp","href":"https:\/\/api.w.org\/{rel}","templated":true}]}}