{"id":27599,"date":"2016-07-21T21:55:26","date_gmt":"2016-07-22T02:55:26","guid":{"rendered":"http:\/\/contraluzcucuta.co\/?p=27599"},"modified":"2016-07-21T21:55:26","modified_gmt":"2016-07-22T02:55:26","slug":"cargue-y-descargue-definidas-zonas-y-horarios-para-el-centro-de-cucuta","status":"publish","type":"post","link":"https:\/\/contraluzcucuta.co\/?p=27599","title":{"rendered":"CARGUE Y DESCARGUE. Definidas zonas y horarios para el centro de C\u00facuta"},"content":{"rendered":"<p><strong>C\u00daCUTA.-<\/strong> Ning\u00fan veh\u00edculo de carga podr\u00e1 estacionar, en horarios especiales, para cargue y descargue de mercanc\u00edas en la zona c\u00e9ntrica de C\u00facuta. La restricci\u00f3n est\u00e1 contemplada en el Decreto 0697 expedido por la Alcald\u00eda el 19 de julio. La norma municipal dispone un \u00e1rea especial en la que tendr\u00e1 aplicaci\u00f3n.<\/p>\n<p>El \u00e1rea vial en la que no podr\u00e1n parquear los automotores est\u00e1 comprendida entre las avenidas 0 y 8, entre las calles 5 y 14. Se tendr\u00e1 en cuenta la Diagonal Santander en la intersecci\u00f3n con la calle 7 y la avenida 0.<\/p>\n<p>Los horarios dispuestos para la restricci\u00f3n son los siguientes:<\/p>\n<p>1.- Lunes a viernes<\/p>\n<p>&#8211; De 7:00 a 8:30 de la ma\u00f1ana<\/p>\n<p>&#8211; De 11:30 de la ma\u00f1ana a 2:30 de la tarde<\/p>\n<p>&#8211; De 5:30 de la tarde a 7:00 de la noche<\/p>\n<p>2.- S\u00e1bados, domingos y festivos no aplica la disposici\u00f3n<\/p>\n<p>El decreto especifica que solo los veh\u00edculos con capacidad de carga de 1,5 toneladas de carga podr\u00e1n estacionar para cargue y descargue de mercanc\u00edas en la zona c\u00e9ntrica. Los automotores que lleven entre 1,5 y 3,5 toneladas podr\u00e1n circular dentro del siguiente horario:<\/p>\n<p>1.- Lunes a viernes<\/p>\n<p>&#8211; Desde las 7:30 a las 11:30 de la ma\u00f1ana<\/p>\n<p>&#8211; Desde las 2:30 a las 5:30 de la tarde<\/p>\n<p>&#8211; Despu\u00e9s de las 8:00 de la noche<\/p>\n<p>2.- S\u00e1bados, domingos y festivos no aplica la disposici\u00f3n<\/p>\n<p>La restricci\u00f3n horaria tambi\u00e9n se aplicar\u00e1 a los veh\u00edculos identificados y acreditados para trasporte de valores. Los tractocamiones podr\u00e1n ingresar a la zona c\u00e9ntrica de 8:00 de la noche a 5:00 de la ma\u00f1ana.<\/p>\n<p>\u201cEl alcalde es autoridad de Tr\u00e1nsito y por ende le corresponde adoptar las medidas necesarias de car\u00e1cter transitorio o permanente que conlleven a un mejor ordenamiento del tr\u00e1nsito de personas, animales y veh\u00edculos por las v\u00edas p\u00fablicas\u201d, se\u00f1ala el art\u00edculo tercero de la Ley 769 del 2002.<\/p>\n<p><strong>Foto: PRENSA ALCALD\u00cdA<\/strong><\/p>\n<p>&nbsp; <\/p>\n","protected":false},"excerpt":{"rendered":"<p>C\u00daCUTA.- Ning\u00fan veh\u00edculo de carga podr\u00e1 estacionar, en horarios especiales, para cargue y descargue de mercanc\u00edas en la zona c\u00e9ntrica de C\u00facuta. La restricci\u00f3n est\u00e1 contemplada en el Decreto 0697 expedido por la Alcald\u00eda el 19 de julio. La norma municipal dispone un \u00e1rea especial en la que tendr\u00e1 aplicaci\u00f3n. El \u00e1rea vial en la &hellip;<\/p>\n","protected":false},"author":1,"featured_media":27600,"comment_status":"open","ping_status":"open","sticky":false,"template":"","format":"standard","meta":{"footnotes":""},"categories":[6],"tags":[226,3064,3065,678],"class_list":["post-27599","post","type-post","status-publish","format-standard","has-post-thumbnail","hentry","category-ojo-avizor","tag-alcaldia-de-cucuta","tag-cargue-y-descargue-en-cucuta","tag-decreto-0697","tag-transito-municipal"],"_links":{"self":[{"href":"https:\/\/contraluzcucuta.co\/index.php?rest_route=\/wp\/v2\/posts\/27599","targetHints":{"allow":["GET"]}}],"collection":[{"href":"https:\/\/contraluzcucuta.co\/index.php?rest_route=\/wp\/v2\/posts"}],"about":[{"href":"https:\/\/contraluzcucuta.co\/index.php?rest_route=\/wp\/v2\/types\/post"}],"author":[{"embeddable":true,"href":"https:\/\/contraluzcucuta.co\/index.php?rest_route=\/wp\/v2\/users\/1"}],"replies":[{"embeddable":true,"href":"https:\/\/contraluzcucuta.co\/index.php?rest_route=%2Fwp%2Fv2%2Fcomments&post=27599"}],"version-history":[{"count":1,"href":"https:\/\/contraluzcucuta.co\/index.php?rest_route=\/wp\/v2\/posts\/27599\/revisions"}],"predecessor-version":[{"id":27601,"href":"https:\/\/contraluzcucuta.co\/index.php?rest_route=\/wp\/v2\/posts\/27599\/revisions\/27601"}],"wp:featuredmedia":[{"embeddable":true,"href":"https:\/\/contraluzcucuta.co\/index.php?rest_route=\/wp\/v2\/media\/27600"}],"wp:attachment":[{"href":"https:\/\/contraluzcucuta.co\/index.php?rest_route=%2Fwp%2Fv2%2Fmedia&parent=27599"}],"wp:term":[{"taxonomy":"category","embeddable":true,"href":"https:\/\/contraluzcucuta.co\/index.php?rest_route=%2Fwp%2Fv2%2Fcategories&post=27599"},{"taxonomy":"post_tag","embeddable":true,"href":"https:\/\/contraluzcucuta.co\/index.php?rest_route=%2Fwp%2Fv2%2Ftags&post=27599"}],"curies":[{"name":"wp","href":"https:\/\/api.w.org\/{rel}","templated":true}]}}