{"id":27596,"date":"2016-07-21T19:21:03","date_gmt":"2016-07-22T00:21:03","guid":{"rendered":"http:\/\/contraluzcucuta.co\/?p=27596"},"modified":"2016-07-21T19:21:03","modified_gmt":"2016-07-22T00:21:03","slug":"crisis-en-venezuela-es-necesario-que-abran-la-frontera-monsenor-moronta","status":"publish","type":"post","link":"https:\/\/contraluzcucuta.co\/?p=27596","title":{"rendered":"CRISIS EN VENEZUELA. \u201cEs necesario que abran la frontera\u201d, monse\u00f1or Moronta"},"content":{"rendered":"<p><strong>C\u00daCUTA.-<\/strong> La situaci\u00f3n fronteriza contin\u00faa como prioridad para la iglesia Cat\u00f3lica, las C\u00e1maras de Comercio e Industria y la dirigencia pol\u00edtica de la regi\u00f3n. En los \u00faltimos d\u00edas se han conocido diversas posiciones en torno a la necesidad de abrir el paso para peatones y veh\u00edculos, y derribar de una vez las barricadas levantadas desde agosto de 2015.<\/p>\n<p>Monse\u00f1or Mario Moronta, obispo de San Crist\u00f3bal (Venezuela) en la homil\u00eda del 20 de julio, conmemorativo de la independencia colombiana, dijo que \u00a0\u201cColombia y Venezuela son pa\u00edses fraternos de uni\u00f3n, integraci\u00f3n y hermandad\u201d. A la eucarist\u00eda asistieron la c\u00f3nsul de Colombia en San Crist\u00f3bal, Cecilia Palacio; el vicec\u00f3nsul, Juan Diego Franco, y la secretaria de gobierno del estado T\u00e1chira, Myriam Febres.<\/p>\n<p>El Obispo reconoci\u00f3 que \u201ces necesario que abran la frontera, porque son pa\u00edses hermanos y a la larga el que sufre es el pueblo, especialmente los m\u00e1s pobres\u201d. \u201cEn Venezuela y Colombia no hay frontera sino integraci\u00f3n, amor y fraternidad porque somos de la misma familia\u201d enfatiz\u00f3 monse\u00f1or Moronta.<\/p>\n<p>Los presidentes de las C\u00e1maras de Comercio e Industria de la Regi\u00f3n Fronteriza, previo an\u00e1lisis de la situaci\u00f3n actual y con la intenci\u00f3n de contribuir a la pronta normalizaci\u00f3n de la din\u00e1mica fronteriza, hicieron las siguientes consideraciones:<\/p>\n<p>1.- Reiteramos a los gobiernos de Colombia y Venezuela sobre la necesidad de la inmediata apertura de la Frontera.<\/p>\n<p>2.- Apoyamos las acciones de las autoridades para lograr una frontera segura, ordenada, con cultura de legalidad y paz.<\/p>\n<p>3.- Consideramos que la integraci\u00f3n binacional debe ser basada en los principios de complementariedad, reciprocidad, equilibrio y legalidad.<\/p>\n<p>4.- Promovemos la apertura de la frontera para un din\u00e1mico intercambio econ\u00f3mico, social y cultural<\/p>\n<p>5.- Resaltamos la necesidad de que se incentive la generaci\u00f3n de empleos dignos y sustentables para la regi\u00f3n fronteriza.<\/p>\n<p>6.- Salvaguardar lo contemplado en los tratados y acuerdos binacionales considerando las hist\u00f3ricas relaciones de vecindad y hermandad.<\/p>\n<p>El documento lo suscribieron Carlos Luna, presidente ejecutivo de la C\u00e1mara de Comercio de C\u00facuta; Isabel Castillo, presidenta de la C\u00e1mara de Comercio, Industria y Producci\u00f3n de San Antonio del T\u00e1chira; Hirwin Lobo, presidente de la\u00a0 C\u00e1mara de Comercio e Industria del Estado T\u00e1chira, e Isidoro Teres, presidente de la C\u00e1mara de Comercio e Industria de Ure\u00f1a.<\/p>\n<p>Otra voz es la \u00a0del presidente del Concejo de Bol\u00edvar,\u00a0 Jos\u00e9\u00a0 Luis Guerrero. Dijo que los habitantes de la frontera no est\u00e1n de acuerdo con la determinaci\u00f3n de no permitir de nuevo e paso masivo de venezolanos a C\u00facuta. A comienzos de semana, la canciller Mar\u00eda \u00c1ngela Holgu\u00edn tom\u00f3 la decisi\u00f3n a ra\u00edz de los problemas que pueden surgir en la frontera por la presencia de miles de hombres y mujeres que pasan los puentes internacionales en busca de alimentos, medicamentos y otras mercanc\u00edas de la canasta b\u00e1sica.<\/p>\n<p>\u201cAl\u00a0 pueblo no lo puede detener absolutamente\u00a0 nadie, que expongan alg\u00fan argumento\u00a0 para no permitir el libre paso\u00a0 peatonal por los puentes\u201d, sentenci\u00f3 Guerrero. El cierre de la frontera cumpli\u00f3 11 meses y, seg\u00fan el concejal, \u201clo \u00fanico que han hecho es perder tiempo y jugar con la ilusi\u00f3n de los venezolanos que vivimos aqu\u00ed y en el resto del pa\u00eds\u201d.<\/p>\n<p>Insisti\u00f3 en que es una falta de respeto para con la\u00a0 gente, a la que no se le puede decir que no pase. \u201cLa gente est\u00e1 desesperada por cruzar los puentes,\u00a0 porque sabe que en Colombia est\u00e1 consiguiendo\u00a0 alimentos\u00a0 y as\u00ed cubrir necesidades que no son satisfechas aqu\u00ed en Venezuela\u201d.<\/p>\n<p><strong>Foto:\u00a0<a class=\"_ZR irc_hol i3724\" tabindex=\"0\" href=\"https:\/\/www.google.com.co\/url?sa=i&amp;rct=j&amp;q=&amp;esrc=s&amp;source=images&amp;cd=&amp;cad=rja&amp;uact=8&amp;ved=0ahUKEwjPvoLo5YXOAhUKXR4KHRSmD8EQjB0IBg&amp;url=http%3A%2F%2Fminuto60.blogspot.com%2F2016%2F07%2Fvenezolanos-podran-cruzar-frontera-con.html&amp;psig=AFQjCNHN1FSyvZYqkJcoCw8LhSSiMGvnvA&amp;ust=1469232814906668\" target=\"_blank\" data-noload=\"\" data-href=\"http:\/\/minuto60.blogspot.com\/2016\/07\/venezolanos-podran-cruzar-frontera-con.html\" data-ved=\"0ahUKEwjPvoLo5YXOAhUKXR4KHRSmD8EQjB0IBg\"><span class=\"irc_ho\" dir=\"ltr\">minuto60.blogspot.com<\/span><\/a><\/strong><\/p>\n<p>&nbsp;<\/p>\n<p>&nbsp; <\/p>\n","protected":false},"excerpt":{"rendered":"<p>C\u00daCUTA.- La situaci\u00f3n fronteriza contin\u00faa como prioridad para la iglesia Cat\u00f3lica, las C\u00e1maras de Comercio e Industria y la dirigencia pol\u00edtica de la regi\u00f3n. En los \u00faltimos d\u00edas se han conocido diversas posiciones en torno a la necesidad de abrir el paso para peatones y veh\u00edculos, y derribar de una vez las barricadas levantadas desde &hellip;<\/p>\n","protected":false},"author":1,"featured_media":27597,"comment_status":"open","ping_status":"open","sticky":false,"template":"","format":"standard","meta":{"footnotes":""},"categories":[1326,4,2780,36],"tags":[375,2483],"class_list":["post-27596","post","type-post","status-publish","format-standard","has-post-thumbnail","hentry","category-crisis-en-venezuela-2","category-barra","category-frontera","category-la-voz-del-pueblo","tag-camara-de-comercio-de-cucuta","tag-crisis-en-la-frontera"],"_links":{"self":[{"href":"https:\/\/contraluzcucuta.co\/index.php?rest_route=\/wp\/v2\/posts\/27596","targetHints":{"allow":["GET"]}}],"collection":[{"href":"https:\/\/contraluzcucuta.co\/index.php?rest_route=\/wp\/v2\/posts"}],"about":[{"href":"https:\/\/contraluzcucuta.co\/index.php?rest_route=\/wp\/v2\/types\/post"}],"author":[{"embeddable":true,"href":"https:\/\/contraluzcucuta.co\/index.php?rest_route=\/wp\/v2\/users\/1"}],"replies":[{"embeddable":true,"href":"https:\/\/contraluzcucuta.co\/index.php?rest_route=%2Fwp%2Fv2%2Fcomments&post=27596"}],"version-history":[{"count":1,"href":"https:\/\/contraluzcucuta.co\/index.php?rest_route=\/wp\/v2\/posts\/27596\/revisions"}],"predecessor-version":[{"id":27598,"href":"https:\/\/contraluzcucuta.co\/index.php?rest_route=\/wp\/v2\/posts\/27596\/revisions\/27598"}],"wp:featuredmedia":[{"embeddable":true,"href":"https:\/\/contraluzcucuta.co\/index.php?rest_route=\/wp\/v2\/media\/27597"}],"wp:attachment":[{"href":"https:\/\/contraluzcucuta.co\/index.php?rest_route=%2Fwp%2Fv2%2Fmedia&parent=27596"}],"wp:term":[{"taxonomy":"category","embeddable":true,"href":"https:\/\/contraluzcucuta.co\/index.php?rest_route=%2Fwp%2Fv2%2Fcategories&post=27596"},{"taxonomy":"post_tag","embeddable":true,"href":"https:\/\/contraluzcucuta.co\/index.php?rest_route=%2Fwp%2Fv2%2Ftags&post=27596"}],"curies":[{"name":"wp","href":"https:\/\/api.w.org\/{rel}","templated":true}]}}