{"id":27590,"date":"2016-07-21T17:33:21","date_gmt":"2016-07-21T22:33:21","guid":{"rendered":"http:\/\/contraluzcucuta.co\/?p=27590"},"modified":"2016-07-21T17:33:21","modified_gmt":"2016-07-21T22:33:21","slug":"via-bucaramanga-pamplona-gobierno-protocoliza-888-000-millones-en-inversiones","status":"publish","type":"post","link":"https:\/\/contraluzcucuta.co\/?p=27590","title":{"rendered":"V\u00cdA BUCARAMANGA \u2013 PAMPLONA. Gobierno protocoliza $ 888.000 millones en inversiones"},"content":{"rendered":"<p>\u200b<strong>BUCARAMANGA.-<\/strong> El Gobierno formaliz\u00f3 el inicio de la autopista Bucaramanga-Pamplona, de 133 kil\u00f3metros. La inversi\u00f3n ser\u00e1 de $ 888.910 millones para impulsar el desarrollo econ\u00f3mico de Santander y Norte de Santander. La obra significar\u00e1 un ahorro en los tiempos de viaje de una hora y 45 minutos.<\/p>\n<p>Es el primer proyecto de la tercera ola de las nuevas autopistas que comienza la etapa de pre construcci\u00f3n. El anuncio lo hizo Germ\u00e1n Vargas Lleras en Bucaramanga. El vicepresidente explic\u00f3 a los habitantes de la zona y a las autoridades de civiles de los departamentos beneficiados con los trabajos. Las obras inician en Bucaramanga y favorecen directamente a Floridablanca, Cuestaboba, Mutiscua y San Gil, hasta llegar a Pamplona.<\/p>\n<p>Algunos detalles de la obra son los siguientes:<\/p>\n<p>1.- Se construir\u00e1n 13,5 kil\u00f3metros de nueva calzada<\/p>\n<p>2.- Se adelantar\u00e1n el mejoramiento y la rehabilitaci\u00f3n en 119,6 kil\u00f3metros<\/p>\n<p>3.- La autopista Bucaramanga-Pamplona contempla la construcci\u00f3n de 28 puentes<\/p>\n<p>4.- Tendr\u00e1 10 carriles de adelantamiento, un intercambiador a nivel y otro a desnivel.<\/p>\n<p>Los trabajos, a cargo del consorcio CSS Constructores S.A. (Carlos Alberto Solarte Solarte Constructores S.A.), se distribuyen en cuatro tramos:<\/p>\n<p>1.- Construcci\u00f3n del Anillo vial Oriental Floridablanca-Bucaramanga. Longitud de 13,5 kil\u00f3metros y 27 viaductos que suman 5,7 kil\u00f3metros<\/p>\n<p>2.- Rehabilitaci\u00f3n y mejoramiento de 64,6 kil\u00f3metros entre Bucaramanga y Cuestaboba<\/p>\n<p>3.- Mejoramiento y ampliaci\u00f3n de 30 kil\u00f3metros de v\u00eda entre Cuestaboba y Mutiscua<\/p>\n<p>4.- Mejoramiento de 25 kil\u00f3metros entre Mutiscua y Pamplona.<\/p>\n<p>La autopista es un proyecto con gran significado para la comunidad y tendr\u00e1 la funci\u00f3n de movilizar el tr\u00e1fico vehicular que conecta a ambos departamentos, incrementar la competitividad y optimizar la comunicaci\u00f3n con Venezuela.<\/p>\n<p>El corredor vial ser\u00e1 complementado con la v\u00eda Pamplona-C\u00facuta, incluida en la Tercera Ola de la Cuarta Generaci\u00f3n de nuevas autopistas. Tiene previstas la Variante de Pamplona, de 4 kil\u00f3metros, y la construcci\u00f3n de 47 kil\u00f3metros de segundas calzadas.<\/p>\n<p><strong>Foto: <a href=\"http:\/\/www.revistaelcongreso.com\">www.revistaelcongreso.com<\/a><\/strong><\/p>\n<p>&nbsp; <\/p>\n","protected":false},"excerpt":{"rendered":"<p>\u200bBUCARAMANGA.- El Gobierno formaliz\u00f3 el inicio de la autopista Bucaramanga-Pamplona, de 133 kil\u00f3metros. La inversi\u00f3n ser\u00e1 de $ 888.910 millones para impulsar el desarrollo econ\u00f3mico de Santander y Norte de Santander. La obra significar\u00e1 un ahorro en los tiempos de viaje de una hora y 45 minutos. Es el primer proyecto de la tercera ola &hellip;<\/p>\n","protected":false},"author":1,"featured_media":27591,"comment_status":"open","ping_status":"open","sticky":false,"template":"","format":"standard","meta":{"footnotes":""},"categories":[45,4],"tags":[3063,2011],"class_list":["post-27590","post","type-post","status-publish","format-standard","has-post-thumbnail","hentry","category-destacado","category-barra","tag-autopista-bucramanga-pamplona","tag-vicepresidente-german-vargas"],"_links":{"self":[{"href":"https:\/\/contraluzcucuta.co\/index.php?rest_route=\/wp\/v2\/posts\/27590","targetHints":{"allow":["GET"]}}],"collection":[{"href":"https:\/\/contraluzcucuta.co\/index.php?rest_route=\/wp\/v2\/posts"}],"about":[{"href":"https:\/\/contraluzcucuta.co\/index.php?rest_route=\/wp\/v2\/types\/post"}],"author":[{"embeddable":true,"href":"https:\/\/contraluzcucuta.co\/index.php?rest_route=\/wp\/v2\/users\/1"}],"replies":[{"embeddable":true,"href":"https:\/\/contraluzcucuta.co\/index.php?rest_route=%2Fwp%2Fv2%2Fcomments&post=27590"}],"version-history":[{"count":1,"href":"https:\/\/contraluzcucuta.co\/index.php?rest_route=\/wp\/v2\/posts\/27590\/revisions"}],"predecessor-version":[{"id":27592,"href":"https:\/\/contraluzcucuta.co\/index.php?rest_route=\/wp\/v2\/posts\/27590\/revisions\/27592"}],"wp:featuredmedia":[{"embeddable":true,"href":"https:\/\/contraluzcucuta.co\/index.php?rest_route=\/wp\/v2\/media\/27591"}],"wp:attachment":[{"href":"https:\/\/contraluzcucuta.co\/index.php?rest_route=%2Fwp%2Fv2%2Fmedia&parent=27590"}],"wp:term":[{"taxonomy":"category","embeddable":true,"href":"https:\/\/contraluzcucuta.co\/index.php?rest_route=%2Fwp%2Fv2%2Fcategories&post=27590"},{"taxonomy":"post_tag","embeddable":true,"href":"https:\/\/contraluzcucuta.co\/index.php?rest_route=%2Fwp%2Fv2%2Ftags&post=27590"}],"curies":[{"name":"wp","href":"https:\/\/api.w.org\/{rel}","templated":true}]}}