{"id":27581,"date":"2016-07-19T16:58:07","date_gmt":"2016-07-19T21:58:07","guid":{"rendered":"http:\/\/contraluzcucuta.co\/?p=27581"},"modified":"2016-07-19T16:58:07","modified_gmt":"2016-07-19T21:58:07","slug":"dialogos-regionales-igac-mapeara-geografia-para-la-paz","status":"publish","type":"post","link":"https:\/\/contraluzcucuta.co\/?p=27581","title":{"rendered":"DI\u00c1LOGOS REGIONALES. Igac \u2018mapear\u00e1\u2019 geograf\u00eda para la paz"},"content":{"rendered":"<p>Florencia, C\u00facuta, Cali, Riohacha y Bogot\u00e1 ser\u00e1n epicentro de los di\u00e1logos sociales del Instituto Geogr\u00e1fico Agust\u00edn Codazzi (Igac). Los colombianos conocer\u00e1n las acciones que emprender\u00e1 la entidad en el posconflicto y el desarrollo rural del pa\u00eds. El primer foro de paz ser\u00e1 en la capital del Caquet\u00e1, el 27 de julio.<\/p>\n<p>Colombia est\u00e1 a las puertas de convertirse en territorio de paz, hecho hist\u00f3rico que permitir\u00e1 silenciar la guerra que ha desangrado al pa\u00eds por m\u00e1s de medio siglo. Este sue\u00f1o, inimaginable para muchos colombianos, se materializar\u00e1 mediante la agenda de negociaciones entre el Gobierno y la guerrilla de las Farc, que comprende:<\/p>\n<p>1.- Desarrollo agrario integral<\/p>\n<p>2.- Participaci\u00f3n pol\u00edtica<\/p>\n<p>3.- Soluci\u00f3n al problema de las drogas il\u00edcitas<\/p>\n<p>4.- Fin del conflicto<\/p>\n<p>5.- V\u00edctimas<\/p>\n<p>6.- Implementaci\u00f3n, verificaci\u00f3n y refrendaci\u00f3n.<\/p>\n<p>Juan Antonio Nieto, director general del Igac, dijo que debido a los significativos avances alcanzados este a\u00f1o en el acuerdo de paz, en unos meses se lograr\u00e1 poner fin al conflicto. La entidad se tomar\u00e1 las regiones colombianas para socializar con las comunidades los principales cambios que se dar\u00e1n en el pa\u00eds en pol\u00edtica de tierras, reforma rural integral, acceso a la tierra, planeaci\u00f3n de la infraestructura, adecuaci\u00f3n de los suelos y programas con enfoque territorial.<\/p>\n<p>Los cuatro di\u00e1logos sociales subregionales y uno nacional tienen como prop\u00f3sito que la comunidad, las instituciones gubernamentales, la academia y los gremios conozcan el nuevo rol que asume el instituto para el ordenamiento del territorio frente al posconflicto. Las subregiones podr\u00e1n conversar con el Igac como un nuevo generador de progreso y bienestar, y como una de las entidades gubernamentales donde nacen diversas investigaciones poco conocidas, porque siempre ha sido reconocida por temas inherentes al Catastro.<\/p>\n<p>Los di\u00e1logos, denominados \u2018Mapeando la geograf\u00eda de la paz\u2019, iniciar\u00e1n con cuatro eventos subregionales, que tendr\u00e1n como epicentro a Florencia (Caquet\u00e1), C\u00facuta (Norte de Santander), Cali (Valle del Cauca) y Riohacha (La Guajira). Estos sitios, referentes a temas del conflicto armado interno, pueden convertirse en modelos de liderazgo para la paz. Culminados los di\u00e1logos en las regiones, el Igac har\u00e1 un evento nacional en Bogot\u00e1.<\/p>\n<p>El calendario de los di\u00e1logos subregionales es el siguiente:<\/p>\n<p>1.- Florencia. 27 de julio. Se espera la participaci\u00f3n de la comunidad de Caquet\u00e1, Putumayo y Guaviare.<\/p>\n<p>2.- C\u00facuta. 25 de agosto. Ser\u00e1 clave la participaci\u00f3n de Norte de Santander, Santander y Arauca.<\/p>\n<p>3.- Cali. 22 de septiembre. Participaci\u00f3n de Valle del Cauca, Cauca, Nari\u00f1o y Choc\u00f3.<\/p>\n<p>4.- Riohacha. 27 de octubre. Se dar\u00e1n cita habitantes de La Guajira, Sucre, Atl\u00e1ntico, Magdalena, Bol\u00edvar, C\u00f3rdoba y Cesar.<\/p>\n<p>5.- Bogot\u00e1. Di\u00e1logo nacional, el 30 de noviembre.<\/p>\n<p><strong>Foto: serexpresion.blogspot.com<\/strong><\/p>\n<p>&nbsp; <\/p>\n","protected":false},"excerpt":{"rendered":"<p>Florencia, C\u00facuta, Cali, Riohacha y Bogot\u00e1 ser\u00e1n epicentro de los di\u00e1logos sociales del Instituto Geogr\u00e1fico Agust\u00edn Codazzi (Igac). Los colombianos conocer\u00e1n las acciones que emprender\u00e1 la entidad en el posconflicto y el desarrollo rural del pa\u00eds. El primer foro de paz ser\u00e1 en la capital del Caquet\u00e1, el 27 de julio. Colombia est\u00e1 a las &hellip;<\/p>\n","protected":false},"author":1,"featured_media":27582,"comment_status":"open","ping_status":"open","sticky":false,"template":"","format":"standard","meta":{"footnotes":""},"categories":[7,4,6],"tags":[2648,1521,3062],"class_list":["post-27581","post","type-post","status-publish","format-standard","has-post-thumbnail","hentry","category-acontecimientos","category-barra","category-ojo-avizor","tag-igac-norte-de-santander","tag-la-paz-en-colombia","tag-posflicto"],"_links":{"self":[{"href":"https:\/\/contraluzcucuta.co\/index.php?rest_route=\/wp\/v2\/posts\/27581","targetHints":{"allow":["GET"]}}],"collection":[{"href":"https:\/\/contraluzcucuta.co\/index.php?rest_route=\/wp\/v2\/posts"}],"about":[{"href":"https:\/\/contraluzcucuta.co\/index.php?rest_route=\/wp\/v2\/types\/post"}],"author":[{"embeddable":true,"href":"https:\/\/contraluzcucuta.co\/index.php?rest_route=\/wp\/v2\/users\/1"}],"replies":[{"embeddable":true,"href":"https:\/\/contraluzcucuta.co\/index.php?rest_route=%2Fwp%2Fv2%2Fcomments&post=27581"}],"version-history":[{"count":1,"href":"https:\/\/contraluzcucuta.co\/index.php?rest_route=\/wp\/v2\/posts\/27581\/revisions"}],"predecessor-version":[{"id":27583,"href":"https:\/\/contraluzcucuta.co\/index.php?rest_route=\/wp\/v2\/posts\/27581\/revisions\/27583"}],"wp:featuredmedia":[{"embeddable":true,"href":"https:\/\/contraluzcucuta.co\/index.php?rest_route=\/wp\/v2\/media\/27582"}],"wp:attachment":[{"href":"https:\/\/contraluzcucuta.co\/index.php?rest_route=%2Fwp%2Fv2%2Fmedia&parent=27581"}],"wp:term":[{"taxonomy":"category","embeddable":true,"href":"https:\/\/contraluzcucuta.co\/index.php?rest_route=%2Fwp%2Fv2%2Fcategories&post=27581"},{"taxonomy":"post_tag","embeddable":true,"href":"https:\/\/contraluzcucuta.co\/index.php?rest_route=%2Fwp%2Fv2%2Ftags&post=27581"}],"curies":[{"name":"wp","href":"https:\/\/api.w.org\/{rel}","templated":true}]}}