{"id":27578,"date":"2016-07-19T16:19:37","date_gmt":"2016-07-19T21:19:37","guid":{"rendered":"http:\/\/contraluzcucuta.co\/?p=27578"},"modified":"2016-07-19T16:19:37","modified_gmt":"2016-07-19T21:19:37","slug":"20-de-julio-desfile-civico-militar","status":"publish","type":"post","link":"https:\/\/contraluzcucuta.co\/?p=27578","title":{"rendered":"20 DE JULIO. Desfile c\u00edvico militar"},"content":{"rendered":"<p><strong>C\u00daCUTA.-<\/strong> El alcalde C\u00e9sar Rojas invit\u00f3 a la ciudadan\u00eda a participar en el desfile c\u00edvico militar en conmemoraci\u00f3n de los 206 a\u00f1os del Grito de\u00a0 Independencia de Colombia. El evento se llevar\u00e1 a cabo este 20 de julio, a partir de las 8:30 de la ma\u00f1ana, en El Malec\u00f3n. La partida ser\u00e1 en el antiguo DAS y llegar\u00e1 al puente Arnulfo Brice\u00f1o.<\/p>\n<p>La actividad iniciar\u00e1 con el acto protocolario, a las 7:30 de la ma\u00f1ana, en el parque de Los Pr\u00f3ceres (El Malec\u00f3n). Las primeras autoridades del municipio y del departamento\u00a0 har\u00e1n la ofrenda Floral.<\/p>\n<p>El desfile contar\u00e1 con la participaci\u00f3n de m\u00e1s de 2500 j\u00f3venes de diversas instituciones educativas, bandas de paz, Polic\u00eda, Ej\u00e9rcito, Defensa Civil, Bomberos y cuerpos de socorro.<\/p>\n<p>La circulaci\u00f3n vehicular estar\u00e1 cerrada entre el antiguo DAS y el puente Arnulfo Brice\u00f1o, en los dos sentidos, de 6:00 de la ma\u00f1ana a 3:00 de la tarde, para llevar a cabo el desfile.<\/p>\n<p><strong>Foto: cucuta-nortedesantander.gov.co<\/strong><\/p>\n<p>&nbsp; <\/p>\n","protected":false},"excerpt":{"rendered":"<p>C\u00daCUTA.- El alcalde C\u00e9sar Rojas invit\u00f3 a la ciudadan\u00eda a participar en el desfile c\u00edvico militar en conmemoraci\u00f3n de los 206 a\u00f1os del Grito de\u00a0 Independencia de Colombia. El evento se llevar\u00e1 a cabo este 20 de julio, a partir de las 8:30 de la ma\u00f1ana, en El Malec\u00f3n. La partida ser\u00e1 en el antiguo &hellip;<\/p>\n","protected":false},"author":1,"featured_media":27579,"comment_status":"open","ping_status":"open","sticky":false,"template":"","format":"standard","meta":{"footnotes":""},"categories":[2625],"tags":[777],"class_list":["post-27578","post","type-post","status-publish","format-standard","has-post-thumbnail","hentry","category-alcaldia-de-cucuta","tag-desfile-militar-del-20-de-julio"],"_links":{"self":[{"href":"https:\/\/contraluzcucuta.co\/index.php?rest_route=\/wp\/v2\/posts\/27578","targetHints":{"allow":["GET"]}}],"collection":[{"href":"https:\/\/contraluzcucuta.co\/index.php?rest_route=\/wp\/v2\/posts"}],"about":[{"href":"https:\/\/contraluzcucuta.co\/index.php?rest_route=\/wp\/v2\/types\/post"}],"author":[{"embeddable":true,"href":"https:\/\/contraluzcucuta.co\/index.php?rest_route=\/wp\/v2\/users\/1"}],"replies":[{"embeddable":true,"href":"https:\/\/contraluzcucuta.co\/index.php?rest_route=%2Fwp%2Fv2%2Fcomments&post=27578"}],"version-history":[{"count":1,"href":"https:\/\/contraluzcucuta.co\/index.php?rest_route=\/wp\/v2\/posts\/27578\/revisions"}],"predecessor-version":[{"id":27580,"href":"https:\/\/contraluzcucuta.co\/index.php?rest_route=\/wp\/v2\/posts\/27578\/revisions\/27580"}],"wp:featuredmedia":[{"embeddable":true,"href":"https:\/\/contraluzcucuta.co\/index.php?rest_route=\/wp\/v2\/media\/27579"}],"wp:attachment":[{"href":"https:\/\/contraluzcucuta.co\/index.php?rest_route=%2Fwp%2Fv2%2Fmedia&parent=27578"}],"wp:term":[{"taxonomy":"category","embeddable":true,"href":"https:\/\/contraluzcucuta.co\/index.php?rest_route=%2Fwp%2Fv2%2Fcategories&post=27578"},{"taxonomy":"post_tag","embeddable":true,"href":"https:\/\/contraluzcucuta.co\/index.php?rest_route=%2Fwp%2Fv2%2Ftags&post=27578"}],"curies":[{"name":"wp","href":"https:\/\/api.w.org\/{rel}","templated":true}]}}