{"id":27575,"date":"2016-07-19T16:01:54","date_gmt":"2016-07-19T21:01:54","guid":{"rendered":"http:\/\/contraluzcucuta.co\/?p=27575"},"modified":"2016-07-19T16:01:54","modified_gmt":"2016-07-19T21:01:54","slug":"unipamplona-65-nuevos-estudiantes-del-programa-de-medicina","status":"publish","type":"post","link":"https:\/\/contraluzcucuta.co\/?p=27575","title":{"rendered":"UNIPAMPLONA. 65 nuevos estudiantes del programa de medicina"},"content":{"rendered":"<p><strong>C\u00daCUTA.-<\/strong> Directivos, docentes y padres de familia acompa\u00f1aron el inicio de la jornada de inducci\u00f3n para los nuevos estudiantes del programa de medicina de la Universidad de pamplona. Los alumnos llegaron de diferentes departamentos del pa\u00eds.<\/p>\n<p>El rector Elio Serrano dio a conocer los esfuerzos de la administraci\u00f3n para construir una mejor universidad. \u201cPara sostenernos como los l\u00edderes en educaci\u00f3n de alta calidad, necesitamos mantener, primero que nada, el mejor est\u00e1ndar acad\u00e9mico posible\u201d.<\/p>\n<p>La Universidad de Pamplona ha logrado la combinaci\u00f3n del trabajo adecuado, serio y responsable en materia de gesti\u00f3n, con la investigaci\u00f3n y el trabajo educativo.<\/p>\n<p>La jornada sirvi\u00f3 para mostrar a los asistentes la composici\u00f3n que se tiene en la Facultad de Salud y en el programa de medicina. Desde los inicios se ha comprometido con el desarrollo de estudiantes y docentes que tengan como finalidad el compromiso con el ser humano, vocaci\u00f3n de servicio y compromiso con el desarrollo social.<\/p>\n<p>Convenios internacionales, revistas indexadas, programas radiales en las sedes de Pamplona y C\u00facuta, docentes investigadores, responsabilidad social, intervenci\u00f3n psicosocial, centros de desarrollo para la docencia y la investigaci\u00f3n, Centro de Investigaci\u00f3n y Desarrollo Tecnol\u00f3gico de Simulaci\u00f3n Avanzada, laboratorio morfol\u00f3gico y la IPS Unipamplona, son muestras del compromiso\u00a0 y de los altos esfuerzos que se desarrollan para beneficio y aporte principal\u00a0 de conocimientos de los futuros profesionales de la salud.<\/p>\n<p>Serrano Velasco dijo que se present\u00f3 ante los ministerios de Educaci\u00f3n y Salud la primera especializaci\u00f3n en Medicina Familiar, y que se trabaja en los programas de Anestesiolog\u00eda, Medicina Interna, Cirug\u00eda Pl\u00e1stica y Ortopedia, para que los profesionales de Norte de Santander tengan la oportunidad de adelantar estudios de posgrados en la universidad.<\/p>\n<p>Oscar Fiallo, vicerrector acad\u00e9mico, dijo que \u201cnuestra familia Unipamplona los recibe con grata satisfacci\u00f3n. De 936 inscritos, ustedes fueron los mejores. Esperamos que sientan el mismo orgullo que sentimos y que lleven en alto el buen nombre de la Universidad de Pamplona\u201d.<\/p>\n<p>Los j\u00f3venes tuvieron la oportunidad de conocer los recursos f\u00edsicos con lo que cuenta la instituci\u00f3n y al personal administrativo.<\/p>\n<p><strong>Foto: PRENSA UNIPAMPLONA<\/strong><\/p>\n<p>&nbsp; <\/p>\n","protected":false},"excerpt":{"rendered":"<p>C\u00daCUTA.- Directivos, docentes y padres de familia acompa\u00f1aron el inicio de la jornada de inducci\u00f3n para los nuevos estudiantes del programa de medicina de la Universidad de pamplona. Los alumnos llegaron de diferentes departamentos del pa\u00eds. El rector Elio Serrano dio a conocer los esfuerzos de la administraci\u00f3n para construir una mejor universidad. \u201cPara sostenernos &hellip;<\/p>\n","protected":false},"author":1,"featured_media":27576,"comment_status":"open","ping_status":"open","sticky":false,"template":"","format":"standard","meta":{"footnotes":""},"categories":[74],"tags":[2597,3061,719,161],"class_list":["post-27575","post","type-post","status-publish","format-standard","has-post-thumbnail","hentry","category-aula-universitaria","tag-aula-universitaria","tag-facultad-de-salud","tag-unipamplona","tag-universidad-de-pamplona"],"_links":{"self":[{"href":"https:\/\/contraluzcucuta.co\/index.php?rest_route=\/wp\/v2\/posts\/27575","targetHints":{"allow":["GET"]}}],"collection":[{"href":"https:\/\/contraluzcucuta.co\/index.php?rest_route=\/wp\/v2\/posts"}],"about":[{"href":"https:\/\/contraluzcucuta.co\/index.php?rest_route=\/wp\/v2\/types\/post"}],"author":[{"embeddable":true,"href":"https:\/\/contraluzcucuta.co\/index.php?rest_route=\/wp\/v2\/users\/1"}],"replies":[{"embeddable":true,"href":"https:\/\/contraluzcucuta.co\/index.php?rest_route=%2Fwp%2Fv2%2Fcomments&post=27575"}],"version-history":[{"count":1,"href":"https:\/\/contraluzcucuta.co\/index.php?rest_route=\/wp\/v2\/posts\/27575\/revisions"}],"predecessor-version":[{"id":27577,"href":"https:\/\/contraluzcucuta.co\/index.php?rest_route=\/wp\/v2\/posts\/27575\/revisions\/27577"}],"wp:featuredmedia":[{"embeddable":true,"href":"https:\/\/contraluzcucuta.co\/index.php?rest_route=\/wp\/v2\/media\/27576"}],"wp:attachment":[{"href":"https:\/\/contraluzcucuta.co\/index.php?rest_route=%2Fwp%2Fv2%2Fmedia&parent=27575"}],"wp:term":[{"taxonomy":"category","embeddable":true,"href":"https:\/\/contraluzcucuta.co\/index.php?rest_route=%2Fwp%2Fv2%2Fcategories&post=27575"},{"taxonomy":"post_tag","embeddable":true,"href":"https:\/\/contraluzcucuta.co\/index.php?rest_route=%2Fwp%2Fv2%2Ftags&post=27575"}],"curies":[{"name":"wp","href":"https:\/\/api.w.org\/{rel}","templated":true}]}}