{"id":27572,"date":"2016-07-19T15:46:01","date_gmt":"2016-07-19T20:46:01","guid":{"rendered":"http:\/\/contraluzcucuta.co\/?p=27572"},"modified":"2016-07-19T15:46:01","modified_gmt":"2016-07-19T20:46:01","slug":"festival-de-payasos-alegria-y-carcajadas-en-el-portico","status":"publish","type":"post","link":"https:\/\/contraluzcucuta.co\/?p=27572","title":{"rendered":"FESTIVAL DE PAYASOS. Alegr\u00eda y carcajadas en El P\u00f3rtico"},"content":{"rendered":"<p><strong>C\u00daCUTA.-<\/strong> La vereda El P\u00f3rtico, del corregimiento San Pedro (C\u00facuta) recibi\u00f3 al IV Festival Departamental de Payasos. Trescientos ni\u00f1os rieron sin parar, ante la presentaci\u00f3n de expertos y profesionales del arte del clown y circense. La actividad se extender\u00e1 a 13 municipios de Norte de Santander.<\/p>\n<p>La gestora social Cecilia Soler, desde un principio, respald\u00f3 los actos en los que los ni\u00f1os puedan ser felices. El despacho apoyar\u00e1 la presentaci\u00f3n del payaso \u2018Torombolo\u2019 y su grupo, promovida por la Secretar\u00eda de Cultura.<\/p>\n<p>Los invitados se reunieron en la cancha de la instituci\u00f3n educativa El P\u00f3rtico para disfrutar de dos horas de espect\u00e1culo, en el que el tiempo trascurri\u00f3 entre carcajadas. \u201cNuestro prop\u00f3sito, el cual compartimos con la Secretar\u00eda de Cultura, es abrir estos espacios de diversi\u00f3n para todos los menores\u201d, dijo Soler.<\/p>\n<p>Durante las pr\u00f3ximas dos semanas, el grupo de payasos visitar\u00e1 las comunidades de San Cayetano, El Zulia, C\u00e1cota, Chitag\u00e1, Mutiscua, Santiago, Gramalote, Los Patios, Villa del Rosario, Arboledas, Salazar, Bochalema y Durania.<\/p>\n<p>\u201cLa meta es ver sonre\u00edr a m\u00e1s de 5000 ni\u00f1os y ni\u00f1as de cada uno de estos municipios, eso es lo que nos motiva a llevar estos espacios por todo el departamento\u201d, indic\u00f3 la gestora social.<\/p>\n<p>Jos\u00e9 Luis Oviedo, presidente de la junta de acci\u00f3n comunal de la vereda El P\u00f3rtico, se\u00f1al\u00f3 que es la primera vez que la administraci\u00f3n departamental hace presencia en el lugar.<\/p>\n<p>\u201cQuisimos hacer esta actividad de manera incluyente, con la participaci\u00f3n de los ni\u00f1os de la escuela rural y de los hogares infantiles del Bienestar Familiar, as\u00ed como de los menores de las escuelas deportivas\u201d, puntualiz\u00f3 el l\u00edder comunal.<\/p>\n<p><strong>Foto: PRENSA GOBERNACI\u00d3N<\/strong><\/p>\n<p>&nbsp;<\/p>\n<p>&nbsp; <\/p>\n","protected":false},"excerpt":{"rendered":"<p>C\u00daCUTA.- La vereda El P\u00f3rtico, del corregimiento San Pedro (C\u00facuta) recibi\u00f3 al IV Festival Departamental de Payasos. Trescientos ni\u00f1os rieron sin parar, ante la presentaci\u00f3n de expertos y profesionales del arte del clown y circense. La actividad se extender\u00e1 a 13 municipios de Norte de Santander. La gestora social Cecilia Soler, desde un principio, respald\u00f3 &hellip;<\/p>\n","protected":false},"author":1,"featured_media":27573,"comment_status":"open","ping_status":"open","sticky":false,"template":"","format":"standard","meta":{"footnotes":""},"categories":[45],"tags":[1173,3031,2715,3060],"class_list":["post-27572","post","type-post","status-publish","format-standard","has-post-thumbnail","hentry","category-destacado","tag-el-portico","tag-festival-de-payasos","tag-gestora-social-cecilia-soler","tag-torombolo"],"_links":{"self":[{"href":"https:\/\/contraluzcucuta.co\/index.php?rest_route=\/wp\/v2\/posts\/27572","targetHints":{"allow":["GET"]}}],"collection":[{"href":"https:\/\/contraluzcucuta.co\/index.php?rest_route=\/wp\/v2\/posts"}],"about":[{"href":"https:\/\/contraluzcucuta.co\/index.php?rest_route=\/wp\/v2\/types\/post"}],"author":[{"embeddable":true,"href":"https:\/\/contraluzcucuta.co\/index.php?rest_route=\/wp\/v2\/users\/1"}],"replies":[{"embeddable":true,"href":"https:\/\/contraluzcucuta.co\/index.php?rest_route=%2Fwp%2Fv2%2Fcomments&post=27572"}],"version-history":[{"count":1,"href":"https:\/\/contraluzcucuta.co\/index.php?rest_route=\/wp\/v2\/posts\/27572\/revisions"}],"predecessor-version":[{"id":27574,"href":"https:\/\/contraluzcucuta.co\/index.php?rest_route=\/wp\/v2\/posts\/27572\/revisions\/27574"}],"wp:featuredmedia":[{"embeddable":true,"href":"https:\/\/contraluzcucuta.co\/index.php?rest_route=\/wp\/v2\/media\/27573"}],"wp:attachment":[{"href":"https:\/\/contraluzcucuta.co\/index.php?rest_route=%2Fwp%2Fv2%2Fmedia&parent=27572"}],"wp:term":[{"taxonomy":"category","embeddable":true,"href":"https:\/\/contraluzcucuta.co\/index.php?rest_route=%2Fwp%2Fv2%2Fcategories&post=27572"},{"taxonomy":"post_tag","embeddable":true,"href":"https:\/\/contraluzcucuta.co\/index.php?rest_route=%2Fwp%2Fv2%2Ftags&post=27572"}],"curies":[{"name":"wp","href":"https:\/\/api.w.org\/{rel}","templated":true}]}}